{"id":17191,"date":"2016-08-19T19:20:44","date_gmt":"2016-08-19T22:20:44","guid":{"rendered":"http:\/\/catolicanet.net\/wp-cnet\/2016\/08\/19\/eleicoes-municipais\/"},"modified":"2017-05-08T09:31:37","modified_gmt":"2017-05-08T12:31:37","slug":"eleicoes-municipais","status":"publish","type":"post","link":"https:\/\/catolicanet.net\/wp-cnet\/eleicoes-municipais\/","title":{"rendered":"Elei\u00e7\u00f5es municipais"},"content":{"rendered":"<p style=\"text-align: justify;\"><img decoding=\"async\" src=\"http:\/\/www.catolicanet.com.br\/images\/stories\/bispos\/dom rodolfo weber 4.jpg\" border=\"0\" align=\"left\" \/>No dia 13 de abril de 2016, durante a 54\u00aa Assembleia Geral realizada em Aparecida, S\u00e3o Paulo, a Confer\u00eancia Nacional dos Bispos do Brasil \u2013 CNBB \u2013 emitiu uma mensagem sobre as elei\u00e7\u00f5es municipais. Transcrevo alguns par\u00e1grafos que nos ajudam no exerc\u00edcio da cidadania durante a campanha eleitoral e na escolha dos prefeitos e vereadores.<br \/>\u201cSonhamos e nos comprometemos com um pa\u00eds pr\u00f3spero, democr\u00e1tico, sem corrup\u00e7\u00e3o, socialmente igualit\u00e1rio, economicamente justo, ecologicamente sustent\u00e1vel, sem viol\u00eancia, discrimina\u00e7\u00e3o e mentiras; e com oportunidades iguais para todos. S\u00f3 com participa\u00e7\u00e3o cidad\u00e3 de todos os brasileiros e brasileiras \u00e9 poss\u00edvel a realiza\u00e7\u00e3o desse sonho. Esta participa\u00e7\u00e3o democr\u00e1tica come\u00e7a no munic\u00edpio onde cada pessoa mora e constr\u00f3i sua rede de rela\u00e7\u00f5es. Se quisermos transformar o Brasil, comecemos por transformar os munic\u00edpios. As elei\u00e7\u00f5es s\u00e3o um dos caminhos para atingirmos essa meta\u201d.<br \/>\u201cA pol\u00edtica, do ponto de vista \u00e9tico, \u00e9 o conjunto de a\u00e7\u00f5es pelas quais os homens buscam uma forma de conviv\u00eancia entre indiv\u00edduos, grupos, na\u00e7\u00f5es que ofere\u00e7am condi\u00e7\u00f5es para a realiza\u00e7\u00e3o do bem comum. J\u00e1 do ponto de vista da organiza\u00e7\u00e3o, a pol\u00edtica \u00e9 o exerc\u00edcio do poder e o esfor\u00e7o por conquist\u00e1-lo, a fim de que seja exercido na perspectiva do servi\u00e7o\u201d.<br \/>\u201cAs elei\u00e7\u00f5es municipais t\u00eam uma atra\u00e7\u00e3o e uma for\u00e7a pr\u00f3prias pela proximidade dos candidatos com os eleitores. Se, por um lado, isso desperta mais interesse e facilita as rela\u00e7\u00f5es, por outro, pode levar a pr\u00e1ticas conden\u00e1veis como a compra e venda de votos, a divis\u00e3o de fam\u00edlias e da comunidade. Na pol\u00edtica, \u00e9 fundamental respeitar as diferen\u00e7as e n\u00e3o fazer delas motivo para inimizades ou animosidades que desemboquem em viol\u00eancia de qualquer ordem\u201d.<br \/>\u201cPara escolher e votar bem \u00e9 imprescind\u00edvel conhecer, al\u00e9m dos programas dos partidos, os candidatos e sua proposta de trabalho, sabendo distinguir claramente as fun\u00e7\u00f5es para as quais se candidatam. Dos prefeitos, no poder executivo, espera-se conduta \u00e9tica nas a\u00e7\u00f5es p\u00fablicas, nos contratos assinados, nas rela\u00e7\u00f5es com os demais agentes pol\u00edticos e com os poderes econ\u00f4micos. Dos legisladores, os vereadores, requer-se uma a\u00e7\u00e3o correta de fiscaliza\u00e7\u00e3o e legisla\u00e7\u00e3o que n\u00e3o passe por uma simples presen\u00e7a na bancada de sustenta\u00e7\u00e3o ou de oposi\u00e7\u00e3o ao executivo\u201d.<br \/>\u201cA Igreja Cat\u00f3lica n\u00e3o assume nenhuma candidatura, mas incentiva os crist\u00e3os leigos e leigas, que t\u00eam voca\u00e7\u00e3o para a milit\u00e2ncia pol\u00edtico-partid\u00e1ria, a se lan\u00e7arem candidatos. No discernimento dos melhores candidatos, tenha-se em conta seu compromisso com a vida, com a justi\u00e7a, com a \u00e9tica, com a transpar\u00eancia, com o fim da corrup\u00e7\u00e3o, al\u00e9m de seu testemunho na comunidade de f\u00e9\u201d.<\/p>\n<p>\u201cConfiamos que nossas comunidades saber\u00e3o se organizar para tornar as elei\u00e7\u00f5es municipais ocasi\u00e3o de fortalecimento da democracia que deve ser cada vez mais participativa. Nosso horizonte seja sempre a constru\u00e7\u00e3o do bem comum\u201d.<\/p>\n<p style=\"text-align: justify;\">Dom Rodolfo Lu\u00eds Weber<br \/>Arcebispo de Passo Fundo<br \/>19 de agosto de 2016<\/p>\n","protected":false},"excerpt":{"rendered":"<p>No dia 13 de abril de 2016, durante a 54\u00aa Assembleia Geral realizada em Aparecida, S\u00e3o Paulo, a Confer\u00eancia Nacional dos Bispos do Brasil \u2013 CNBB \u2013 emitiu uma mensagem sobre as elei\u00e7\u00f5es municipais. Transcrevo alguns par\u00e1grafos que nos ajudam no exerc\u00edcio da cidadania durante a campanha eleitoral e na escolha dos prefeitos e vereadores.\u201cSonhamos [&hellip;]<\/p>\n","protected":false},"author":18,"featured_media":16484,"comment_status":"open","ping_status":"open","sticky":false,"template":"","format":"standard","meta":{"footnotes":""},"categories":[9],"tags":[],"class_list":["post-17191","post","type-post","status-publish","format-standard","has-post-thumbnail","hentry","category-artigos"],"_links":{"self":[{"href":"https:\/\/catolicanet.net\/wp-cnet\/wp-json\/wp\/v2\/posts\/17191","targetHints":{"allow":["GET"]}}],"collection":[{"href":"https:\/\/catolicanet.net\/wp-cnet\/wp-json\/wp\/v2\/posts"}],"about":[{"href":"https:\/\/catolicanet.net\/wp-cnet\/wp-json\/wp\/v2\/types\/post"}],"author":[{"embeddable":true,"href":"https:\/\/catolicanet.net\/wp-cnet\/wp-json\/wp\/v2\/users\/18"}],"replies":[{"embeddable":true,"href":"https:\/\/catolicanet.net\/wp-cnet\/wp-json\/wp\/v2\/comments?post=17191"}],"version-history":[{"count":1,"href":"https:\/\/catolicanet.net\/wp-cnet\/wp-json\/wp\/v2\/posts\/17191\/revisions"}],"predecessor-version":[{"id":21374,"href":"https:\/\/catolicanet.net\/wp-cnet\/wp-json\/wp\/v2\/posts\/17191\/revisions\/21374"}],"wp:featuredmedia":[{"embeddable":true,"href":"https:\/\/catolicanet.net\/wp-cnet\/wp-json\/wp\/v2\/media\/16484"}],"wp:attachment":[{"href":"https:\/\/catolicanet.net\/wp-cnet\/wp-json\/wp\/v2\/media?parent=17191"}],"wp:term":[{"taxonomy":"category","embeddable":true,"href":"https:\/\/catolicanet.net\/wp-cnet\/wp-json\/wp\/v2\/categories?post=17191"},{"taxonomy":"post_tag","embeddable":true,"href":"https:\/\/catolicanet.net\/wp-cnet\/wp-json\/wp\/v2\/tags?post=17191"}],"curies":[{"name":"wp","href":"https:\/\/api.w.org\/{rel}","templated":true}]}}