{"id":17150,"date":"2016-08-18T19:30:49","date_gmt":"2016-08-18T22:30:49","guid":{"rendered":"http:\/\/catolicanet.net\/wp-cnet\/2016\/08\/18\/semana-nacional-da-familia-2016-os-conselhos-do-papa\/"},"modified":"2017-06-02T14:08:20","modified_gmt":"2017-06-02T17:08:20","slug":"semana-nacional-da-familia-2016-os-conselhos-do-papa","status":"publish","type":"post","link":"https:\/\/catolicanet.net\/wp-cnet\/semana-nacional-da-familia-2016-os-conselhos-do-papa\/","title":{"rendered":"Semana Nacional da fam\u00edlia 2016, os conselhos do Papa"},"content":{"rendered":"<p style=\"text-align: justify;\"><img decoding=\"async\" src=\"http:\/\/www.catolicanet.com.br\/images\/stories\/noticias\/ossrom69075_articolo.jpg\" border=\"0\" align=\"left\" \/>Cidade do Vaticano (RV) \u2013 Em sua Exorta\u00e7\u00e3o Apost\u00f3lica P\u00f3s-Sinodal Amoris Laetitia, o Papa Francisco diz que a alegria do amor que se vive nas fam\u00edlias \u00e9 tamb\u00e9m o j\u00fabilo da Igreja. Apesar dos numerosos sinais de crise no matrim\u00f4nio, \u201co desejo de fam\u00edlia permanece vivo, especialmente entre os jovens, e isto incentiva a Igreja&#8221;. Como resposta a este anseio, \u201co an\u00fancio crist\u00e3o sobre a fam\u00edlia \u00e9 verdadeiramente uma boa not\u00edcia&#8221;, afirma o Papa.<\/p>\n<p style=\"text-align: justify;\">\u00a0<\/p>\n<p style=\"text-align: justify;\"><a href=\"http:\/\/media02.radiovaticana.va\/audio\/audio2\/mp3\/00544038.mp3\">Clique aqui para ouvir.<\/a><\/p>\n<p style=\"text-align: justify;\">\u00a0<\/p>\n<p style=\"text-align: justify;\">Estamos na Semana Nacional da Fam\u00edlia. Em seu pontificado, o Papa Francisco sempre fez quest\u00e3o de ressaltar a import\u00e2ncia da fam\u00edlia e os valores que devem direcionar as rela\u00e7\u00f5es familiares. Selecionamos algumas frases do Papa sobre esse assunto, veja:<\/p>\n<p>A fam\u00edlia e a Igreja<\/p>\n<p>\u201cCom \u00edntima alegria e profunda consola\u00e7\u00e3o, a Igreja olha para as fam\u00edlias que permanecem fi\u00e9is aos ensinamentos do Evangelho, agradecendo-lhes pelo testemunho que d\u00e3o e encorajando-as. Com efeito, gra\u00e7as a elas, torna-se cr\u00edvel a beleza do matrim\u00f4nio indissol\u00favel e fiel para sempre. Na fam\u00edlia, \u201ccomo numa igreja dom\u00e9stica\u201d (Lumen gentium, 11), amadurece a primeira experi\u00eancia eclesial da comunh\u00e3o entre as pessoas, na qual, por gra\u00e7a, se reflete o mist\u00e9rio da Sant\u00edssima Trindade. \u201c\u00c9 aqui que se aprende a tenacidade e a alegria no trabalho, o amor fraterno, o perd\u00e3o generoso e sempre renovado, e sobretudo o culto divino, pela ora\u00e7\u00e3o e pelo oferecimento da pr\u00f3pria vida\u201d (Catecismo da Igreja Cat\u00f3lica, 1657), Amoris Laetitia.<\/p>\n<p>1. \u201cO verdadeiro v\u00ednculo \u00e9 sempre com o Senhor. Todas as fam\u00edlias t\u00eam necessidade de Deus: todas, todas! Necessidade da Sua ajuda, da Sua for\u00e7a, da Sua b\u00ean\u00e7\u00e3o, da Sua miseric\u00f3rdia, do Seu perd\u00e3o. E requer-se simplicidade. Para rezar em fam\u00edlia requer-se simplicidade! Quando a fam\u00edlia reza unida o v\u00ednculo torna-se mais forte\u201d. Homilia da Missa do Encontro de Fam\u00edlias, que se realizou em Roma em outubro de 2013.<\/p>\n<p>2. \u201cE esta \u00e9 a grande miss\u00e3o da fam\u00edlia: arranjar lugar para Jesus que vem, receber Jesus na fam\u00edlia, na pessoa dos filhos, do marido, da esposa, dos av\u00f3s, porque Jesus est\u00e1 a\u00ed.\u201d Audi\u00eancia Geral, 17 de dezembro de 2014.<\/p>\n<p>3. \u201cTr\u00eas palavras que devem existir sempre em casa: com licen\u00e7a, obrigado, desculpa. Com licen\u00e7a: para n\u00e3o se intrometer na vida dos c\u00f4njuges. Com licen\u00e7a, como te parece isto? Com licen\u00e7a, permite-me. Obrigado: agradecer ao c\u00f4njuge; obrigado por aquilo que fizeste por mim, obrigado por isto. A beleza da gratid\u00e3o! E dado que todos n\u00f3s erramos, h\u00e1 outra palavra um pouco dif\u00edcil de pronunciar, mas necess\u00e1ria: desculpa.\u201d Catequese, 2 de abril de 2014.<\/p>\n<p>4. \u201cAquilo que mais pesa na vida \u00e9 a falta de amor. Pesa n\u00e3o receber um sorriso, n\u00e3o ser benquisto. Pesam certos sil\u00eancios, \u00e0s vezes mesmo em fam\u00edlia, entre marido e esposa, entre pais e filhos, entre irm\u00e3os. Sem amor, a fadiga torna-se mais pesada, intoler\u00e1vel.\u201d Discurso \u00e0s Fam\u00edlias, 26 de outubro de 2013<\/p>\n<p>5. \u201cSim, ser m\u00e3e n\u00e3o significa s\u00f3 trazer um filho ao mundo, mas \u00e9 tamb\u00e9m uma op\u00e7\u00e3o de vida: o que \u00e9 que uma m\u00e3e escolhe? Qual \u00e9 a op\u00e7\u00e3o de vida de uma m\u00e3e? A op\u00e7\u00e3o de vida de uma m\u00e3e \u00e9 a op\u00e7\u00e3o de dar vida. E isto \u00e9 grande, isto \u00e9 belo.\u201d\u00a0 Audi\u00eancia Geral, 7 de janeiro de 2015.<\/p>\n<p>6. \u201cO pai procura ensinar ao filho aquilo que ele ainda n\u00e3o sabe, corrigir os erros que ainda n\u00e3o v\u00ea, orientar o seu cora\u00e7\u00e3o, proteg\u00ea-lo no des\u00e2nimo e na dificuldade. Tudo isso com proximidade, com do\u00e7ura e com uma firmeza que n\u00e3o humilhe.\u201d Audi\u00eancia Geral, 4 de fevereiro de 2015.<\/p>\n<p>7. \u201ca verdadeira alegria que se experimenta na fam\u00edlia n\u00e3o \u00e9 algo superficial, n\u00e3o vem das coisas&#8230; a base deste sentimento de alegria profunda est\u00e1 a presen\u00e7a de Deus, a presen\u00e7a de Deus na fam\u00edlia, est\u00e1 o seu amor acolhedor, misericordioso, cheio de respeito por todos. E, acima de tudo, um amor paciente: a paci\u00eancia \u00e9 uma virtude de Deus e nos ensina, na fam\u00edlia, a ter este amor paciente, um com o outro. Ter paci\u00eancia entre n\u00f3s. Amor paciente. Se falta o amor de Deus, a fam\u00edlia tamb\u00e9m perde a harmonia, prevalecem os individualismos, se apaga a alegria. Pelo contr\u00e1rio, a fam\u00edlia que vive a alegria da f\u00e9, comunica-a espontaneamente, \u00e9 sal da terra e luz do mundo, \u00e9 fermento para toda a sociedade\u201d. Jornada da Fam\u00edlia, 27 de outubro de 2013.<\/p>\n<p> Semana Nacional da Fam\u00edlia 2016<\/p>\n<p>Comunidades de todo o Brasil j\u00e1 iniciaram as celebra\u00e7\u00f5es da Semana Nacional da Fam\u00edlia no \u00faltimo domingo, Dia dos Pais, e prosseguir\u00e3o at\u00e9 o dia 21 de agosto. Para auxiliar nas atividades de ora\u00e7\u00e3o e reflex\u00e3o, a Comiss\u00e3o Episcopal Pastoral para a Vida e a Fam\u00edlia da Confer\u00eancia Nacional dos Bispos do Brasil (CNBB) e a Comiss\u00e3o Nacional da Pastoral Familiar (CNPF) prepararam o subs\u00eddio \u201cHora da Fam\u00edlia\u201d. O texto prop\u00f5e sete encontros voltados \u00e0s fam\u00edlias, jovens, crian\u00e7as, casais de namorados e noivos.<\/p>\n<p>&#8220;O &#8216;Hora da Fam\u00edlia&#8217; neste ano quer nos envolver nesse clima da miseric\u00f3rdia divina, com vistas \u00e0 miss\u00e3o. N\u00e3o pode ficar unicamente entre os grupos de Pastoral Familiar. A nossa criatividade pastoral deve nos inspirar para que esse conte\u00fado seja partilhado, multiplicado, servido, tamb\u00e9m, em muitos outros ambientes onde nem sempre a Palavra est\u00e1 presente: escolas, centros de sa\u00fade, meios de comunica\u00e7\u00e3o, pr\u00e9dios, associa\u00e7\u00f5es de moradores, periferias&#8221;, sugere o bispo de Osasco (SP) e presidente da Comiss\u00e3o Episcopal Pastoral para a Vida e a Fam\u00edlia da CNBB, Dom Jo\u00e3o Bosco Barbosa.<\/p>\n<p>Segundo o assessor nacional da Comiss\u00e3o Nacional da Pastoral Familiar (CNPF), Padre Moacir Silva Arantes, a Semana Nacional da Fam\u00edlia \u00e9 um momento valioso para testemunhar publicamente os valores da fam\u00edlia. Para ele, o \u2018Hora da Fam\u00edlia\u2019 quer ajudar a todos a fazerem a experi\u00eancia com a miseric\u00f3rdia de Deus. &#8220;Este subs\u00eddio precioso de estudo, reflex\u00e3o e ora\u00e7\u00e3o, nos convida a realizar nos grupos pastorais, de vizinhos, de amigos, ou na intimidade do nosso lar, importante reflex\u00e3o a respeito das obras de miseric\u00f3rdia. Queremos conhecer um pouco melhor o jeito de Deus ser e agir com seus filhos e filhas, para que possamos transformar o nosso ser e nosso agir para com os outros&#8221;, explica o sacerdote.<\/p>\n<p style=\"text-align: justify;\">\u00a0<\/p>\n<p style=\"text-align: justify;\">Fonte: R\u00e1dio Vaticano<\/p>\n","protected":false},"excerpt":{"rendered":"<p>Cidade do Vaticano (RV) \u2013 Em sua Exorta\u00e7\u00e3o Apost\u00f3lica P\u00f3s-Sinodal Amoris Laetitia, o Papa Francisco diz que a alegria do amor que se vive nas fam\u00edlias \u00e9 tamb\u00e9m o j\u00fabilo da Igreja. Apesar dos numerosos sinais de crise no matrim\u00f4nio, \u201co desejo de fam\u00edlia permanece vivo, especialmente entre os jovens, e isto incentiva a Igreja&#8221;. [&hellip;]<\/p>\n","protected":false},"author":1,"featured_media":17149,"comment_status":"open","ping_status":"open","sticky":false,"template":"","format":"standard","meta":{"footnotes":""},"categories":[3],"tags":[],"class_list":["post-17150","post","type-post","status-publish","format-standard","has-post-thumbnail","hentry","category-vaticano"],"_links":{"self":[{"href":"https:\/\/catolicanet.net\/wp-cnet\/wp-json\/wp\/v2\/posts\/17150","targetHints":{"allow":["GET"]}}],"collection":[{"href":"https:\/\/catolicanet.net\/wp-cnet\/wp-json\/wp\/v2\/posts"}],"about":[{"href":"https:\/\/catolicanet.net\/wp-cnet\/wp-json\/wp\/v2\/types\/post"}],"author":[{"embeddable":true,"href":"https:\/\/catolicanet.net\/wp-cnet\/wp-json\/wp\/v2\/users\/1"}],"replies":[{"embeddable":true,"href":"https:\/\/catolicanet.net\/wp-cnet\/wp-json\/wp\/v2\/comments?post=17150"}],"version-history":[{"count":1,"href":"https:\/\/catolicanet.net\/wp-cnet\/wp-json\/wp\/v2\/posts\/17150\/revisions"}],"predecessor-version":[{"id":28636,"href":"https:\/\/catolicanet.net\/wp-cnet\/wp-json\/wp\/v2\/posts\/17150\/revisions\/28636"}],"wp:featuredmedia":[{"embeddable":true,"href":"https:\/\/catolicanet.net\/wp-cnet\/wp-json\/wp\/v2\/media\/17149"}],"wp:attachment":[{"href":"https:\/\/catolicanet.net\/wp-cnet\/wp-json\/wp\/v2\/media?parent=17150"}],"wp:term":[{"taxonomy":"category","embeddable":true,"href":"https:\/\/catolicanet.net\/wp-cnet\/wp-json\/wp\/v2\/categories?post=17150"},{"taxonomy":"post_tag","embeddable":true,"href":"https:\/\/catolicanet.net\/wp-cnet\/wp-json\/wp\/v2\/tags?post=17150"}],"curies":[{"name":"wp","href":"https:\/\/api.w.org\/{rel}","templated":true}]}}