{"id":17133,"date":"2016-08-18T16:45:28","date_gmt":"2016-08-18T19:45:28","guid":{"rendered":"http:\/\/catolicanet.net\/wp-cnet\/2016\/08\/18\/a-forca-do-povo-iraquiano\/"},"modified":"2017-05-31T09:45:21","modified_gmt":"2017-05-31T12:45:21","slug":"a-forca-do-povo-iraquiano","status":"publish","type":"post","link":"https:\/\/catolicanet.net\/wp-cnet\/a-forca-do-povo-iraquiano\/","title":{"rendered":"A for\u00e7a do povo iraquiano"},"content":{"rendered":"<p style=\"text-align: justify;\"><img decoding=\"async\" src=\"http:\/\/www.catolicanet.com.br\/images\/stories\/noticias\/d43bc3919908507.jpg\" border=\"0\" align=\"left\" \/>Padre Halemba (\u00e0 esquerda) e padre Douglas Bazi junto das crian\u00e7as Padre Halemba (\u00e0 esquerda) e padre Douglas Bazi junto das crian\u00e7as<\/p>\n<p>Declara\u00e7\u00f5es do Padre Andrzej Halemba, coordenador dos projetos da ACN no Oriente M\u00e9dio, sobre a situa\u00e7\u00e3o dos crist\u00e3os no Iraque dois anos ap\u00f3s a sua fuga do grupo Estado Isl\u00e2mico.<\/p>\n<p>Oliver Maksan: Padre Halemba, voc\u00ea visitou o pa\u00eds logo ap\u00f3s a fuga dos crist\u00e3os da Plan\u00edcie de N\u00ednive no Iraque h\u00e1 dois anos. O que voc\u00ea viu naquela \u00e9poca?<\/p>\n<p>Padre Halemba: Naturalmente, era uma situa\u00e7\u00e3o terr\u00edvel. Nos primeiros dias, as pessoas dormiam no ch\u00e3o. As temperaturas no Iraque, em agosto, foram impiedosas. Cerca de 50 graus. As pessoas tamb\u00e9m foram muito agredidas e traumatizadas. E ainda por cima, eles se sentiram tra\u00eddos, e n\u00e3o foi apenas pelos seus vizinhos mu\u00e7ulmanos, que colaboraram com o grupo autodenominado Estado Isl\u00e2mico (EI) e saquearam suas casas. Eles tinham confian\u00e7a de que as tropas curdas Peshmerga iriam defender suas aldeias. Mas quando o Peshmerga se retiraram, surpreendentemente, e contrariamente a todas as garantias dadas por eles, os crist\u00e3os foram deixados sem nenhuma prote\u00e7\u00e3o e foram obrigados a fugir, muitas vezes em circunst\u00e2ncias dram\u00e1ticas. Pode-se ver isso em seus rostos.<\/p>\n<p>Oliver Maksan: A ACN, em seguida, come\u00e7ou a prestar ajuda aos refugiados muito rapidamente.<\/p>\n<p>Padre Halemba: Sim. Naquele momento havia ali uma situa\u00e7\u00e3o de ajuda humanit\u00e1ria de emerg\u00eancia para um n\u00famero superior a 120.000 refugiados, contando apenas os crist\u00e3os. Inicialmente, a Igreja local estava totalmente sobrecarregada. Mas, com a ajuda internacional e organiza\u00e7\u00f5es como a ACN, a situa\u00e7\u00e3o se estabilizou de forma relativamente r\u00e1pida. Mas eu n\u00e3o teria imaginado na \u00e9poca que aquelas pessoas ainda teriam de estar vivendo longe de suas casas, e em condi\u00e7\u00f5es prec\u00e1rias, at\u00e9 hoje. A situa\u00e7\u00e3o pol\u00edtica e militar no Iraque simplesmente ainda n\u00e3o permitiu a libera\u00e7\u00e3o das \u00e1reas crist\u00e3s que s\u00e3o ocupadas pelo EI. Naturalmente, isto preocupa o povo. Muitos, j\u00e1 naquele tempo, haviam perdido a esperan\u00e7a num futuro no Iraque e s\u00f3 queriam fugir. Fui muito frequentemente solicitado para lhes conseguir d\u00f3lares e ajuda para vistos para a emigra\u00e7\u00e3o.<\/p>\n<p>Oliver Maksan: H\u00e1 agora informa\u00e7\u00f5es de que uma tentativa de libertar Mossul e seus arredores por meios militares \u00e9 apenas uma quest\u00e3o de tempo.<\/p>\n<p>Padre Halemba: Correto, \u00e9 isto mesmo. E as pessoas est\u00e3o esperando por isso. No entanto, isto poder\u00e1 levar a novas dificuldades. Deve-se ter em mente que Mossul \u00e9 uma cidade com um milh\u00e3o de habitantes. Se um ataque for iniciado, centenas de milhares de habitantes ir\u00e3o tentar fugir dos combates. E para onde iriam? Provavelmente para o Curdist\u00e3o, que j\u00e1 est\u00e1 lotado de refugiados. Mas tamb\u00e9m \u00e9 prov\u00e1vel que muitos mu\u00e7ulmanos sunitas de Mossul e seus arredores entrariam nas aldeias crist\u00e3s vazias, para buscar abrigo ali. Isso poderia criar novas e imprevistas dificuldades; eles estariam preparados para deixar as aldeias de novo, quando os crist\u00e3os retornarem? Neste momento, isso ainda \u00e9 apenas uma possibilidade. Mas este cen\u00e1rio faz com que os bispos do Iraque se preocupem realmente. Os crist\u00e3os j\u00e1 sofreram muitas experi\u00eancias ruins com a ocupa\u00e7\u00e3o de suas terras.<\/p>\n<p>Oliver Maksan: Qual \u00e9 a situa\u00e7\u00e3o dos refugiados hoje?<\/p>\n<p>Padre Halemba: Em geral, eu diria que as pessoas j\u00e1 n\u00e3o est\u00e3o t\u00e3o perdidas e agressivas. A Igreja est\u00e1 fazendo muito para eles, tanto espiritualmente, quanto psicologicamente. Os sacerdotes, e especialmente as irm\u00e3s, est\u00e3o perto das pessoas. As pessoas est\u00e3o se adaptando a esta situa\u00e7\u00e3o. Eu n\u00e3o estou dizendo que eles gostariam de viver assim permanentemente, claro que n\u00e3o. Mas eles viram que n\u00e3o est\u00e3o abandonados. Temos um conjunto de escolas prim\u00e1rias. Logo, teremos meios para abrir tamb\u00e9m escolas secund\u00e1rias. O objetivo \u00e9 evitar que toda uma gera\u00e7\u00e3o perdida cres\u00e7a aqui, como na S\u00edria. Al\u00e9m disso, a maioria das pessoas n\u00e3o est\u00e3o mais vivendo em tendas ou caravanas, mas em apartamentos e casas alugadas. Isto tem restaurado a dignidade e a sensa\u00e7\u00e3o de ter uma casa novamente. Nossos subs\u00eddios para alimentos e o que ganham com o pr\u00f3prio trabalho garante \u00e0 eles o b\u00e1sico necess\u00e1rio. Mas, naturalmente, isso n\u00e3o pode continuar assim para sempre. Quanto mais tempo este ex\u00edlio durar, mais as pessoas v\u00e3o querer ir embora, a exemplo de tantos crist\u00e3os que j\u00e1 abandonaram o Iraque.<\/p>\n<p>Oliver Maksan: Voc\u00ea tem estat\u00edsticas?<\/p>\n<p>Padre Halemba: N\u00e3o temos n\u00fameros exatos. Mas dos cerca de 120.000 crist\u00e3os que inicialmente fugiram, muitos j\u00e1 foram embora. No in\u00edcio, n\u00f3s ajud\u00e1vamos umas 13.500 fam\u00edlias. Hoje, ainda est\u00e3o ali cerca de 8.000 fam\u00edlias. Elas se foram. Isso \u00e9 doloroso. Mas sem a nossa ajuda, teria sido ainda pior. Estou muito impressionado pela grande for\u00e7a interior dessas pessoas.<\/p>\n<p>Informa\u00e7\u00e3o: Desde o in\u00edcio da crise no Oriente m\u00e9dio, em 2011, a ACN j\u00e1 realizou mais de 2.000 projetos nessa regi\u00e3o. Juntamente com a ajuda humanit\u00e1ria, a ACN tamb\u00e9m apoia a miss\u00e3o pastoral da Igreja naquela regi\u00e3o, al\u00e9m da forma\u00e7\u00e3o e sustento de sacerdotes e religiosas. Tamb\u00e9m haver\u00e1 apoio a iniciativas catequ\u00e9ticas, como acampamentos de ver\u00e3o para jovens. Com a ajuda da ACN, cerca de 225 jovens cat\u00f3licos iraquianos puderam participar da Jornada Mundial da Juventude, em Crac\u00f3via, na Pol\u00f4nia.<\/p>\n<p style=\"text-align: justify;\">\u00a0<\/p>\n<p style=\"text-align: justify;\">Fonte: ACN<\/p>\n","protected":false},"excerpt":{"rendered":"<p>Padre Halemba (\u00e0 esquerda) e padre Douglas Bazi junto das crian\u00e7as Padre Halemba (\u00e0 esquerda) e padre Douglas Bazi junto das crian\u00e7as Declara\u00e7\u00f5es do Padre Andrzej Halemba, coordenador dos projetos da ACN no Oriente M\u00e9dio, sobre a situa\u00e7\u00e3o dos crist\u00e3os no Iraque dois anos ap\u00f3s a sua fuga do grupo Estado Isl\u00e2mico. Oliver Maksan: Padre [&hellip;]<\/p>\n","protected":false},"author":1,"featured_media":17132,"comment_status":"open","ping_status":"open","sticky":false,"template":"","format":"standard","meta":{"footnotes":""},"categories":[4],"tags":[],"class_list":["post-17133","post","type-post","status-publish","format-standard","has-post-thumbnail","hentry","category-cotidiano"],"_links":{"self":[{"href":"https:\/\/catolicanet.net\/wp-cnet\/wp-json\/wp\/v2\/posts\/17133","targetHints":{"allow":["GET"]}}],"collection":[{"href":"https:\/\/catolicanet.net\/wp-cnet\/wp-json\/wp\/v2\/posts"}],"about":[{"href":"https:\/\/catolicanet.net\/wp-cnet\/wp-json\/wp\/v2\/types\/post"}],"author":[{"embeddable":true,"href":"https:\/\/catolicanet.net\/wp-cnet\/wp-json\/wp\/v2\/users\/1"}],"replies":[{"embeddable":true,"href":"https:\/\/catolicanet.net\/wp-cnet\/wp-json\/wp\/v2\/comments?post=17133"}],"version-history":[{"count":1,"href":"https:\/\/catolicanet.net\/wp-cnet\/wp-json\/wp\/v2\/posts\/17133\/revisions"}],"predecessor-version":[{"id":25406,"href":"https:\/\/catolicanet.net\/wp-cnet\/wp-json\/wp\/v2\/posts\/17133\/revisions\/25406"}],"wp:featuredmedia":[{"embeddable":true,"href":"https:\/\/catolicanet.net\/wp-cnet\/wp-json\/wp\/v2\/media\/17132"}],"wp:attachment":[{"href":"https:\/\/catolicanet.net\/wp-cnet\/wp-json\/wp\/v2\/media?parent=17133"}],"wp:term":[{"taxonomy":"category","embeddable":true,"href":"https:\/\/catolicanet.net\/wp-cnet\/wp-json\/wp\/v2\/categories?post=17133"},{"taxonomy":"post_tag","embeddable":true,"href":"https:\/\/catolicanet.net\/wp-cnet\/wp-json\/wp\/v2\/tags?post=17133"}],"curies":[{"name":"wp","href":"https:\/\/api.w.org\/{rel}","templated":true}]}}