{"id":17127,"date":"2016-08-18T16:25:11","date_gmt":"2016-08-18T19:25:11","guid":{"rendered":"http:\/\/catolicanet.net\/wp-cnet\/2016\/08\/18\/dia-mundial-da-humanidade-recordacao-de-sergio-vieira-de-mello\/"},"modified":"2017-06-02T10:15:41","modified_gmt":"2017-06-02T13:15:41","slug":"dia-mundial-da-humanidade-recordacao-de-sergio-vieira-de-mello","status":"publish","type":"post","link":"https:\/\/catolicanet.net\/wp-cnet\/dia-mundial-da-humanidade-recordacao-de-sergio-vieira-de-mello\/","title":{"rendered":"Dia Mundial da Humanidade: recorda\u00e7\u00e3o de S\u00e9rgio Vieira de Mello"},"content":{"rendered":"<p style=\"text-align: justify;\"><img decoding=\"async\" src=\"http:\/\/www.catolicanet.com.br\/images\/stories\/noticias\/epa1358178_articolo.jpg\" border=\"0\" align=\"left\" \/>Nova York\u00a0 (RV) \u2013 Celebra-se nesta sexta-feira (19\/08) o Dia Mundial Humanit\u00e1rio, proclamado pela ONU, em 2008, sobre o tema: \u201cOne Humanity &#8211; Uma Humanidade\u201d.<\/p>\n<p>O objetivo da resolu\u00e7\u00e3o \u00e9 \u201chomenagear todos os trabalhadores humanit\u00e1rios e funcion\u00e1rios das Na\u00e7\u00f5es Unidas que perderam suas vidas no cumprimento de suas miss\u00f5es e trabalhando na promo\u00e7\u00e3o da causa humanit\u00e1ria, ao apoiar as v\u00edtimas dos conflitos armados\u201d.<\/p>\n<p>Em 2008, foi aprovada tamb\u00e9m a proposta da Su\u00e9cia sobre &#8220;Fortalecimento da Coordena\u00e7\u00e3o da Assist\u00eancia Humanit\u00e1ria de Emerg\u00eancia das Na\u00e7\u00f5es Unidas&#8221;.<\/p>\n<p>A resolu\u00e7\u00e3o convida todos os Estados-Membros, bem como outras Organiza\u00e7\u00f5es internacionais e N\u00e3o-governamentais, a observar anualmente esse dia, que tamb\u00e9m \u00e9 \u201cDia da Mem\u00f3ria dos Trabalhadores Humanit\u00e1rios\u201d, ca\u00eddos no exerc\u00edcio do seu trabalho.<\/p>\n<p>Mem\u00f3ria<\/p>\n<p>No dia 19 de agosto recorda-se ainda o brasileiro S\u00e9rgio Vieira de Mello, o Alto Comiss\u00e1rio das Na\u00e7\u00f5es Unidas para os Direitos Humanos, designado como representante especial do Secret\u00e1rio Geral das Na\u00e7\u00f5es Unidas para o Iraque. Junto com outros 21 funcion\u00e1rios e colaboradores da ONU, morreu tragicamente em Bagd\u00e1 em 2003 no cumprimento da sua miss\u00e3o de paz.<\/p>\n<p>Neste \u201cDia Mundial Humanit\u00e1rio\u201d sob o tema \u201cUma Humanidade\u201d, procura-se unir os esfor\u00e7os, em todo o planeta, para ajudar aqueles que mais necessitam.<\/p>\n<p>Por ocasi\u00e3o deste evento, as maiores atividades e cerim\u00f4nias realizam-se em Nova York, na sede da ONU.<\/p>\n<p>Neste dia pode-se fazer donativos a uma organiza\u00e7\u00e3o humanit\u00e1ria local ou internacional. Pode-se tamb\u00e9m divulgar as causas atuais mais urgentes nas redes sociais. Existem mais de 130 milh\u00f5es de pessoas que precisam de ajuda humanit\u00e1ria para sobreviver.<\/p>\n<p>O \u201cDia Mundial Humanit\u00e1rio\u201d foi comemorado, pela primeira vez, em 19 de agosto de 2009. Em 2012, a cantora Beyonc\u00e9 Knowles foi nomeada embaixadora da causa humanit\u00e1ria no mundo, dedicando sua m\u00fasica \u201cI Was Here\u201d do seu quarto \u00e1lbum de est\u00fadio para o projeto.<\/p>\n<p style=\"text-align: justify;\">\u00a0<\/p>\n<p style=\"text-align: justify;\">Fonte: R\u00e1dio Vaticano<\/p>\n","protected":false},"excerpt":{"rendered":"<p>Nova York\u00a0 (RV) \u2013 Celebra-se nesta sexta-feira (19\/08) o Dia Mundial Humanit\u00e1rio, proclamado pela ONU, em 2008, sobre o tema: \u201cOne Humanity &#8211; Uma Humanidade\u201d. O objetivo da resolu\u00e7\u00e3o \u00e9 \u201chomenagear todos os trabalhadores humanit\u00e1rios e funcion\u00e1rios das Na\u00e7\u00f5es Unidas que perderam suas vidas no cumprimento de suas miss\u00f5es e trabalhando na promo\u00e7\u00e3o da causa [&hellip;]<\/p>\n","protected":false},"author":1,"featured_media":17126,"comment_status":"open","ping_status":"open","sticky":false,"template":"","format":"standard","meta":{"footnotes":""},"categories":[3],"tags":[],"class_list":["post-17127","post","type-post","status-publish","format-standard","has-post-thumbnail","hentry","category-vaticano"],"_links":{"self":[{"href":"https:\/\/catolicanet.net\/wp-cnet\/wp-json\/wp\/v2\/posts\/17127","targetHints":{"allow":["GET"]}}],"collection":[{"href":"https:\/\/catolicanet.net\/wp-cnet\/wp-json\/wp\/v2\/posts"}],"about":[{"href":"https:\/\/catolicanet.net\/wp-cnet\/wp-json\/wp\/v2\/types\/post"}],"author":[{"embeddable":true,"href":"https:\/\/catolicanet.net\/wp-cnet\/wp-json\/wp\/v2\/users\/1"}],"replies":[{"embeddable":true,"href":"https:\/\/catolicanet.net\/wp-cnet\/wp-json\/wp\/v2\/comments?post=17127"}],"version-history":[{"count":1,"href":"https:\/\/catolicanet.net\/wp-cnet\/wp-json\/wp\/v2\/posts\/17127\/revisions"}],"predecessor-version":[{"id":27860,"href":"https:\/\/catolicanet.net\/wp-cnet\/wp-json\/wp\/v2\/posts\/17127\/revisions\/27860"}],"wp:featuredmedia":[{"embeddable":true,"href":"https:\/\/catolicanet.net\/wp-cnet\/wp-json\/wp\/v2\/media\/17126"}],"wp:attachment":[{"href":"https:\/\/catolicanet.net\/wp-cnet\/wp-json\/wp\/v2\/media?parent=17127"}],"wp:term":[{"taxonomy":"category","embeddable":true,"href":"https:\/\/catolicanet.net\/wp-cnet\/wp-json\/wp\/v2\/categories?post=17127"},{"taxonomy":"post_tag","embeddable":true,"href":"https:\/\/catolicanet.net\/wp-cnet\/wp-json\/wp\/v2\/tags?post=17127"}],"curies":[{"name":"wp","href":"https:\/\/api.w.org\/{rel}","templated":true}]}}