{"id":17111,"date":"2016-08-18T13:02:53","date_gmt":"2016-08-18T16:02:53","guid":{"rendered":"http:\/\/catolicanet.net\/wp-cnet\/2016\/08\/18\/comissao-divulga-mensagem-para-o-dia-do-catequista\/"},"modified":"2017-05-26T15:04:25","modified_gmt":"2017-05-26T18:04:25","slug":"comissao-divulga-mensagem-para-o-dia-do-catequista","status":"publish","type":"post","link":"https:\/\/catolicanet.net\/wp-cnet\/comissao-divulga-mensagem-para-o-dia-do-catequista\/","title":{"rendered":"Comiss\u00e3o divulga mensagem para o Dia do Catequista"},"content":{"rendered":"<p style=\"text-align: justify;\"><img decoding=\"async\" src=\"http:\/\/www.catolicanet.com.br\/images\/stories\/noticias\/bblia.jpg\" border=\"0\" align=\"left\" \/>Data ser\u00e1 celebrada em 28 de agosto<\/p>\n<p>A Comiss\u00e3o Episcopal Pastoral para a Anima\u00e7\u00e3o B\u00edblico-Catequ\u00e9tica da Confer\u00eancia Nacional dos Bispos do Brasil (CNBB) divulgou mensagem para os catequistas de todo o Brasil, por ocasi\u00e3o do dia a eles dedicado, 28 de agosto, no contexto do M\u00eas Vocacional. O texto \u00e9 assinado pelo arcebispo de Curitiba (PR) e presidente da Comiss\u00e3o, dom Jos\u00e9 Ant\u00f4nio Peruzzo.<\/p>\n<p>\u201cEm nome da CNBB quero servir-me da data para uma palavra permeada de sincero afeto e imensa gratid\u00e3o. Embora n\u00e3o seja poss\u00edvel ser suficientemente grato a tanta dedica\u00e7\u00e3o, com muita simplicidade, apresento-me para uma reflex\u00e3o agradecida\u201d, escreveu o arcebispo.<\/p>\n<p>Na mensagem, os catequistas s\u00e3o convidados a fazer mem\u00f3ria de sua voca\u00e7\u00e3o, lembrando dos passos e desafios diante do chamado para evangelizar por meio da catequese.<\/p>\n<p>\u201cSeu sim ajudou a Igreja a ser Evangelizadora; a ser mais Igreja. Sua dedica\u00e7\u00e3o de Catequista a(o) faz lembrar-se de que o Senhor Jesus quer ser conhecido mais por seu amor do que por doutrinas\u201d, diz dom Peruzzo aos catequistas.<\/p>\n<p>Leia o texto na \u00edntegra:<\/p>\n<p>Car\u00edssima irm\u00e3, car\u00edssimo irm\u00e3o Catequista.<\/p>\n<p>Os caminhos da Igreja no Brasil assinalam o m\u00eas de agosto com uma nobre particularidade. A tem\u00e1tica vocacional recebe forte acentua\u00e7\u00e3o: dia dos pais, dia do padre, dia do religioso, dia do Catequista. Este previsto para o pr\u00f3ximo dia 28.08.<\/p>\n<p>Em nome da CNBB quero servir-me da data para uma palavra permeada de sincero afeto e imensa gratid\u00e3o. Embora n\u00e3o seja poss\u00edvel ser suficientemente grato a tanta dedica\u00e7\u00e3o, com muita simplicidade, apresento-me para uma reflex\u00e3o agradecida. <\/p>\n<p>Come\u00e7o chamando-lhe \u00e0 recorda\u00e7\u00e3o uma sua experi\u00eancia pessoal muito singular: lembra quando algu\u00e9m lhe dirigiu o convite a tornar-se Catequista? Certamente est\u00e1 presente em sua mem\u00f3ria a pessoa, as frases e o contexto. Lembra tamb\u00e9m de sua pr\u00f3pria rea\u00e7\u00e3o? Talvez inquieta\u00e7\u00e3o, ou d\u00favidas, ou temor por n\u00e3o se sentir apta(o). \u00c9 at\u00e9 poss\u00edvel que lhe tenha aflorado a preocupa\u00e7\u00e3o pela falta de tempo&#8230;<\/p>\n<p>Mesmo assim, embora com tantas obje\u00e7\u00f5es, Voc\u00ea aceitou. Estou certo que ainda est\u00e3o bem presentes os motivos que moveram a aceitar&#8230; E o Esp\u00edrito Santo estava l\u00e1: movia, suscitava, inquietava. E eis que desde sua liberdade e desde sua capacidade de amar houve um movimento de afei\u00e7\u00e3o amorosa pelo Senhor, pela comunidade, pelos \u201cseus\u201d catequizandos.\u00a0\u00a0 <\/p>\n<p>Hoje, tendo j\u00e1 passado um bom tempo, talvez anos, cabem duas perguntas bastante simples: mais ofereceu ou mais recebeu? Mais aprendeu ou mais ensinou? \u00c9 verdade que os des\u00e2nimos por vezes se apresentaram; tamb\u00e9m sinais de cruz se pronunciaram. Mas quanto crescimento! Quantos sinais da proximidade de Deus! Quantas experi\u00eancias de f\u00e9! \u00c9&#8230; Catequese \u00e9 um caminho, um discipulado, um encontro que perdura e atravessa os anos. Mas o Senhor nunca se deixa vencer em generosidade. Quantas gra\u00e7as!!!<\/p>\n<p>Seu sim ajudou a Igreja a ser Evangelizadora; a ser mais Igreja. Sua dedica\u00e7\u00e3o de Catequista a(o) faz lembrar-se de que o Senhor Jesus quer ser conhecido mais por seu amor do que por doutrinas. Por isso mesmo o episcopado brasileiro lhe agradece, car\u00edssima(o) Catequista. E neste dia louva o Senhor por seu minist\u00e9rio. Que Deus lhe multiplique em b\u00ean\u00e7\u00e3os a b\u00ean\u00e7\u00e3o que \u00e9 Voc\u00ea para a nossa Igreja. <\/p>\n<p>Dom Jos\u00e9 Antonio Peruzzo<\/p>\n<p>Arcebispo de Curitiba-PR <br \/>Presidente da Comiss\u00e3o Episcopal Pastoral para a Anima\u00e7\u00e3o B\u00edblico-Catequ\u00e9tica<\/p>\n<p style=\"text-align: justify;\">\u00a0<\/p>\n<p style=\"text-align: justify;\">Fonte: CNBB<\/p>\n","protected":false},"excerpt":{"rendered":"<p>Data ser\u00e1 celebrada em 28 de agosto A Comiss\u00e3o Episcopal Pastoral para a Anima\u00e7\u00e3o B\u00edblico-Catequ\u00e9tica da Confer\u00eancia Nacional dos Bispos do Brasil (CNBB) divulgou mensagem para os catequistas de todo o Brasil, por ocasi\u00e3o do dia a eles dedicado, 28 de agosto, no contexto do M\u00eas Vocacional. O texto \u00e9 assinado pelo arcebispo de Curitiba [&hellip;]<\/p>\n","protected":false},"author":1,"featured_media":17110,"comment_status":"open","ping_status":"open","sticky":false,"template":"","format":"standard","meta":{"footnotes":""},"categories":[7],"tags":[],"class_list":["post-17111","post","type-post","status-publish","format-standard","has-post-thumbnail","hentry","category-cnbb"],"_links":{"self":[{"href":"https:\/\/catolicanet.net\/wp-cnet\/wp-json\/wp\/v2\/posts\/17111","targetHints":{"allow":["GET"]}}],"collection":[{"href":"https:\/\/catolicanet.net\/wp-cnet\/wp-json\/wp\/v2\/posts"}],"about":[{"href":"https:\/\/catolicanet.net\/wp-cnet\/wp-json\/wp\/v2\/types\/post"}],"author":[{"embeddable":true,"href":"https:\/\/catolicanet.net\/wp-cnet\/wp-json\/wp\/v2\/users\/1"}],"replies":[{"embeddable":true,"href":"https:\/\/catolicanet.net\/wp-cnet\/wp-json\/wp\/v2\/comments?post=17111"}],"version-history":[{"count":1,"href":"https:\/\/catolicanet.net\/wp-cnet\/wp-json\/wp\/v2\/posts\/17111\/revisions"}],"predecessor-version":[{"id":23491,"href":"https:\/\/catolicanet.net\/wp-cnet\/wp-json\/wp\/v2\/posts\/17111\/revisions\/23491"}],"wp:featuredmedia":[{"embeddable":true,"href":"https:\/\/catolicanet.net\/wp-cnet\/wp-json\/wp\/v2\/media\/17110"}],"wp:attachment":[{"href":"https:\/\/catolicanet.net\/wp-cnet\/wp-json\/wp\/v2\/media?parent=17111"}],"wp:term":[{"taxonomy":"category","embeddable":true,"href":"https:\/\/catolicanet.net\/wp-cnet\/wp-json\/wp\/v2\/categories?post=17111"},{"taxonomy":"post_tag","embeddable":true,"href":"https:\/\/catolicanet.net\/wp-cnet\/wp-json\/wp\/v2\/tags?post=17111"}],"curies":[{"name":"wp","href":"https:\/\/api.w.org\/{rel}","templated":true}]}}