{"id":17099,"date":"2016-08-17T19:47:53","date_gmt":"2016-08-17T22:47:53","guid":{"rendered":"http:\/\/catolicanet.net\/wp-cnet\/2016\/08\/17\/a-hora-e-agora-a-frase-de-um-santo-que-e-capaz-de-mudar-toda-a-sua-vida\/"},"modified":"2017-05-31T09:45:22","modified_gmt":"2017-05-31T12:45:22","slug":"a-hora-e-agora-a-frase-de-um-santo-que-e-capaz-de-mudar-toda-a-sua-vida","status":"publish","type":"post","link":"https:\/\/catolicanet.net\/wp-cnet\/a-hora-e-agora-a-frase-de-um-santo-que-e-capaz-de-mudar-toda-a-sua-vida\/","title":{"rendered":"\u201cA hora \u00e9 agora\u201d: a frase de um santo que \u00e9 capaz de mudar toda a sua vida!"},"content":{"rendered":"<p style=\"text-align: justify;\"><img decoding=\"async\" src=\"http:\/\/www.catolicanet.com.br\/images\/stories\/noticias\/ampulheta.jpg\" border=\"0\" align=\"left\" \/>Uma \u00fanica frase de S\u00e3o Bento me fez repensar tudo o que eu estava vivendo<\/p>\n<p style=\"text-align: justify;\">A sabedoria estava guardada em uma \u00fanica frase. E ela veio da pena de um santo que viveu h\u00e1 cerca de 1.500 anos e me fez pensar sobre como eu estava vivendo a minha vida. O pensamento, muito simples, veio do Pr\u00f3logo da Regra de S\u00e3o Bento, um guia para a vida mon\u00e1stica:<\/p>\n<p>\u201cAgora, pois, ergamo-nos, finalmente. A Escritura nos desperta dizendo: \u2018Esta \u00e9 a hora de levantar-nos do sono\u2019\u201d.<\/p>\n<p>Simples. Quase simples demais!<\/p>\n<p>Mas foi a explica\u00e7\u00e3o de Michael Casey, um monge beneditino da Austr\u00e1lia, que abriu de verdade os meus olhos para o quanto a simples frase deste santo me importa. Diz o monge:<\/p>\n<p>[S\u00e3o] Bento est\u00e1 dizendo que, diante das possibilidades espirituais trazidas a n\u00f3s pela gra\u00e7a, somos muito lentos. Por isso precisamos nos apressar, nos mexer, para permitir que a gra\u00e7a de Deus nos impulsione ainda mais e mais r\u00e1pido em dire\u00e7\u00e3o ao que a Provid\u00eancia Divina preparou para n\u00f3s\u2026<\/p>\n<p>Nenhum chamado enfrenta tanta resist\u00eancia quanto o chamado para acordar. N\u00e3o precisamos ser surpreendidos se n\u00e3o queremos ser empurrados \u00e0 a\u00e7\u00e3o, em especial quando n\u00e3o sabemos exatamente o que vai estar em jogo. Estamos sendo chamados a um estado n\u00e3o especificado de alerta. Estamos sendo convidados a ficar preparado para os desafios desconhecidos, para dizer sim a demandas que ainda n\u00e3o foram feitas. Tudo isto requer uma forte f\u00e9 na Provid\u00eancia e uma firme confian\u00e7a em Deus, que nunca nos pede nada al\u00e9m dos nossos limites reais. E temos que ser realistas. Apesar dos meus pressentimentos, eu posso ter uma razo\u00e1vel certeza de que o hero\u00edsmo exigido de mim hoje n\u00e3o vai envolver nenhuma desgra\u00e7a, ou tortura, ou mart\u00edrio; vai simplesmente me indicar pequenas a\u00e7\u00f5es que transcendem os limites habituais que imponho \u00e0 minha benevol\u00eancia: uma palavra de encorajamento aqui, alguns minutos de sol\u00edcita escuta ali, um gesto de ajuda, um ato de perd\u00e3o ou de solidariedade, uma iniciativa oculta que promove o bem comum. As ocasi\u00f5es para esses pequenos atos de hero\u00edsmo v\u00e3o surgir, mas apenas se, em primeiro lugar, estivermos acordados e atentos \u00e0 sua possibilidade\u2026<\/p>\n<p>Fazer melhor requer vigil\u00e2ncia. Quantas vezes, quando somos acusados de agir errado ou de omitir algo importante, respondemos com desculpas como \u201cEu n\u00e3o sabia\u201d, ou \u201cEu n\u00e3o estava ciente\u201d, ou \u201cEu n\u00e3o pensava que\u2026\u201d? O desafio moral passou batido porque a nossa consci\u00eancia n\u00e3o estava acionada; est\u00e1vamos dormindo\u2026<\/p>\n<p>Ao criarmos um miasma de fogos de artif\u00edcio sensoriais, n\u00f3s efetivamente bloqueamos tudo para al\u00e9m do que \u00e9 sensato: toda percep\u00e7\u00e3o espiritual, toda aten\u00e7\u00e3o \u00e0 interioridade. A nossa consci\u00eancia fica amortecida pela sobrecarga sensorial e, n\u00f3s, pouco conscientes das possibilidades abertas para criarmos um mundo melhor\u2026<\/p>\n<p>A voz da consci\u00eancia e as palavras do Evangelho s\u00e3o apenas uma som suave e delicado no meio do nosso universo barulhento\u2026 A imagina\u00e7\u00e3o vivaz desperta as emo\u00e7\u00f5es e nos impede de alcan\u00e7ar o n\u00edvel de tranquilidade interior que nos permitiria atender aos avisos da consci\u00eancia e aos sussurros do Esp\u00edrito Santo. O resultado \u00e9 que estamos t\u00e3o despertos no n\u00edvel sensorial que n\u00e3o h\u00e1 espa\u00e7o para o despertar mais interior. A maioria de n\u00f3s n\u00e3o consegue ouvir outra voz quando est\u00e1 ao mesmo tempo vendo televis\u00e3o, enviando mensagens, olhando o celular e, internamente, se preocupando com algum pesar imaginado. Da mesma forma, n\u00e3o podemos ser espiritualmente conscientes sem abaixar o volume das outras vozes. Para estar despertos e atentos espiritualmente, temos de limitar a aten\u00e7\u00e3o que damos a outras \u00e1reas. E, de acordo com S\u00e3o Bento, temos que come\u00e7ar j\u00e1: \u201cEsta \u00e9 a hora de levantar-nos do sono\u201d!<\/p>\n<p>A simples frase de S\u00e3o Bento e a explica\u00e7\u00e3o de Michael Casey me lembraram de algo que eu tinha esquecido e que preciso fazer todos os dias. O meu risco \u00e9 o de apreender e aceitar intelectualmente os conte\u00fados da minha f\u00e9 cat\u00f3lica ao mesmo tempo em que, por outro lado, fico sonolento aos in\u00fameros chamados de Deus na minha vida de todos os dias. Tenho que acordar! Temos que conhecer a vontade de Deus para n\u00f3s! Temos que reconhecer quando a nossa vontade est\u00e1 tentando subverter a de Deus. E temos que procurar, denodadamente, ser fi\u00e9is de modo heroico nos pequenos atos de cada dia.<\/p>\n<p>\u201cEsta \u00e9 a hora de levantar-nos do sono!\u201d<\/p>\n<p>S\u00e3o Bento, rogai por n\u00f3s.<\/p>\n<p style=\"text-align: justify;\">\u00a0<\/p>\n<p style=\"text-align: justify;\">Fonte: Aleteia<\/p>\n","protected":false},"excerpt":{"rendered":"<p>Uma \u00fanica frase de S\u00e3o Bento me fez repensar tudo o que eu estava vivendo A sabedoria estava guardada em uma \u00fanica frase. E ela veio da pena de um santo que viveu h\u00e1 cerca de 1.500 anos e me fez pensar sobre como eu estava vivendo a minha vida. O pensamento, muito simples, veio [&hellip;]<\/p>\n","protected":false},"author":1,"featured_media":17098,"comment_status":"open","ping_status":"open","sticky":false,"template":"","format":"standard","meta":{"footnotes":""},"categories":[4],"tags":[],"class_list":["post-17099","post","type-post","status-publish","format-standard","has-post-thumbnail","hentry","category-cotidiano"],"_links":{"self":[{"href":"https:\/\/catolicanet.net\/wp-cnet\/wp-json\/wp\/v2\/posts\/17099","targetHints":{"allow":["GET"]}}],"collection":[{"href":"https:\/\/catolicanet.net\/wp-cnet\/wp-json\/wp\/v2\/posts"}],"about":[{"href":"https:\/\/catolicanet.net\/wp-cnet\/wp-json\/wp\/v2\/types\/post"}],"author":[{"embeddable":true,"href":"https:\/\/catolicanet.net\/wp-cnet\/wp-json\/wp\/v2\/users\/1"}],"replies":[{"embeddable":true,"href":"https:\/\/catolicanet.net\/wp-cnet\/wp-json\/wp\/v2\/comments?post=17099"}],"version-history":[{"count":1,"href":"https:\/\/catolicanet.net\/wp-cnet\/wp-json\/wp\/v2\/posts\/17099\/revisions"}],"predecessor-version":[{"id":25412,"href":"https:\/\/catolicanet.net\/wp-cnet\/wp-json\/wp\/v2\/posts\/17099\/revisions\/25412"}],"wp:featuredmedia":[{"embeddable":true,"href":"https:\/\/catolicanet.net\/wp-cnet\/wp-json\/wp\/v2\/media\/17098"}],"wp:attachment":[{"href":"https:\/\/catolicanet.net\/wp-cnet\/wp-json\/wp\/v2\/media?parent=17099"}],"wp:term":[{"taxonomy":"category","embeddable":true,"href":"https:\/\/catolicanet.net\/wp-cnet\/wp-json\/wp\/v2\/categories?post=17099"},{"taxonomy":"post_tag","embeddable":true,"href":"https:\/\/catolicanet.net\/wp-cnet\/wp-json\/wp\/v2\/tags?post=17099"}],"curies":[{"name":"wp","href":"https:\/\/api.w.org\/{rel}","templated":true}]}}