{"id":17089,"date":"2016-08-17T14:33:24","date_gmt":"2016-08-17T17:33:24","guid":{"rendered":"http:\/\/catolicanet.net\/wp-cnet\/2016\/08\/17\/imagem-de-nossa-senhora-aparecida-sera-inaugurada-nos-jardins-do-vaticano\/"},"modified":"2017-05-29T16:13:17","modified_gmt":"2017-05-29T19:13:17","slug":"imagem-de-nossa-senhora-aparecida-sera-inaugurada-nos-jardins-do-vaticano","status":"publish","type":"post","link":"https:\/\/catolicanet.net\/wp-cnet\/imagem-de-nossa-senhora-aparecida-sera-inaugurada-nos-jardins-do-vaticano\/","title":{"rendered":"Imagem de Nossa Senhora Aparecida ser\u00e1 inaugurada nos Jardins do Vaticano"},"content":{"rendered":"<p style=\"text-align: justify;\"><img decoding=\"async\" src=\"http:\/\/www.catolicanet.com.br\/images\/stories\/noticias\/nossa_senhora_aparecida.jpg\" border=\"0\" align=\"left\" \/>A partir do dia 3 de setembro, um pouco do Brasil estar\u00e1 presente nos Jardins do Vaticano, quando ser\u00e1 inaugurado no local um momento em homenagem a Nossa Senhora Aparecida.<\/p>\n<p>Trata-se de uma iniciativa da Arquidiocese de Aparecida (SP) e da Embaixada do Brasil junto \u00e0 Santa S\u00e9.<\/p>\n<p>\u201cVai ser um momento muito importante porque n\u00f3s, brasileiros, n\u00e3o t\u00ednhamos a imagem de Nossa Senhora Aparecida nos Jardins do Vaticano enquanto outros pa\u00edses t\u00eam as suas padroeiras nos Jardins\u201d, explicou o embaixador Denis de Souza Pinto \u00e0 R\u00e1dio Vaticano.<\/p>\n<p>Segundo ele, a imagem \u00e9 em bronze e \u201cmuito bonita\u201d. Ela \u201cfoi desenhada por um artista brasileiros\u201d.<\/p>\n<p>\u201c\u00c9 uma barca onde est\u00e3o a figura de tr\u00eas pescadores e, saindo desta barca, uma rede feita de peixes. Em cima da rede tem a imagem de Nossa Senhora Aparecida. Um pouco, simbolicamente, o que foi a apari\u00e7\u00e3o de Nossa Senhora, que foram pescadores que recolheram a imagem do fundo do Rio Para\u00edba\u201d, adiantou o embaixador.<\/p>\n<p>A inaugura\u00e7\u00e3o do monumento acontecer\u00e1 no dia 3 de setembro, \u00e0s 9h30, com a b\u00ean\u00e7\u00e3o oficial da imagem de Nossa Senhora Aparecida.<\/p>\n<p style=\"text-align: justify;\">\u00a0<\/p>\n<p style=\"text-align: justify;\">Fonte: Acidigital<\/p>\n","protected":false},"excerpt":{"rendered":"<p>A partir do dia 3 de setembro, um pouco do Brasil estar\u00e1 presente nos Jardins do Vaticano, quando ser\u00e1 inaugurado no local um momento em homenagem a Nossa Senhora Aparecida. Trata-se de uma iniciativa da Arquidiocese de Aparecida (SP) e da Embaixada do Brasil junto \u00e0 Santa S\u00e9. \u201cVai ser um momento muito importante porque [&hellip;]<\/p>\n","protected":false},"author":1,"featured_media":17088,"comment_status":"open","ping_status":"open","sticky":false,"template":"","format":"standard","meta":{"footnotes":""},"categories":[3],"tags":[],"class_list":["post-17089","post","type-post","status-publish","format-standard","has-post-thumbnail","hentry","category-vaticano"],"_links":{"self":[{"href":"https:\/\/catolicanet.net\/wp-cnet\/wp-json\/wp\/v2\/posts\/17089","targetHints":{"allow":["GET"]}}],"collection":[{"href":"https:\/\/catolicanet.net\/wp-cnet\/wp-json\/wp\/v2\/posts"}],"about":[{"href":"https:\/\/catolicanet.net\/wp-cnet\/wp-json\/wp\/v2\/types\/post"}],"author":[{"embeddable":true,"href":"https:\/\/catolicanet.net\/wp-cnet\/wp-json\/wp\/v2\/users\/1"}],"replies":[{"embeddable":true,"href":"https:\/\/catolicanet.net\/wp-cnet\/wp-json\/wp\/v2\/comments?post=17089"}],"version-history":[{"count":1,"href":"https:\/\/catolicanet.net\/wp-cnet\/wp-json\/wp\/v2\/posts\/17089\/revisions"}],"predecessor-version":[{"id":24239,"href":"https:\/\/catolicanet.net\/wp-cnet\/wp-json\/wp\/v2\/posts\/17089\/revisions\/24239"}],"wp:featuredmedia":[{"embeddable":true,"href":"https:\/\/catolicanet.net\/wp-cnet\/wp-json\/wp\/v2\/media\/17088"}],"wp:attachment":[{"href":"https:\/\/catolicanet.net\/wp-cnet\/wp-json\/wp\/v2\/media?parent=17089"}],"wp:term":[{"taxonomy":"category","embeddable":true,"href":"https:\/\/catolicanet.net\/wp-cnet\/wp-json\/wp\/v2\/categories?post=17089"},{"taxonomy":"post_tag","embeddable":true,"href":"https:\/\/catolicanet.net\/wp-cnet\/wp-json\/wp\/v2\/tags?post=17089"}],"curies":[{"name":"wp","href":"https:\/\/api.w.org\/{rel}","templated":true}]}}