{"id":17080,"date":"2016-08-17T13:42:14","date_gmt":"2016-08-17T16:42:14","guid":{"rendered":"http:\/\/catolicanet.net\/wp-cnet\/2016\/08\/17\/portugal-nao-se-vive-a-hospitalidade-sem-misericordia\/"},"modified":"2017-06-02T13:57:55","modified_gmt":"2017-06-02T16:57:55","slug":"portugal-nao-se-vive-a-hospitalidade-sem-misericordia","status":"publish","type":"post","link":"https:\/\/catolicanet.net\/wp-cnet\/portugal-nao-se-vive-a-hospitalidade-sem-misericordia\/","title":{"rendered":"Portugal: \u201cN\u00e3o se vive a hospitalidade sem Miseric\u00f3rdia\u201d"},"content":{"rendered":"<p style=\"text-align: justify;\"><img decoding=\"async\" src=\"http:\/\/www.catolicanet.com.br\/images\/stories\/noticias\/rv18476_articolo.jpg\" border=\"0\" align=\"left\" \/>Portugal: \u201cN\u00e3o se vive a hospitalidade sem Miseric\u00f3rdia\u201d<\/p>\n<p>A convic\u00e7\u00e3o \u00e9 da Irm\u00e3 Fernanda Oliveira, das Hospitaleiras do Sagrado Cora\u00e7\u00e3o de Jesus a prop\u00f3sito dos \u00abCampos de F\u00e9rias\u00bb que a congrega\u00e7\u00e3o est\u00e1 a promover neste ver\u00e3o em todo o pa\u00eds.<\/p>\n<p>Nesta 2\u00aa quinzena de Agosto come\u00e7ou mais um campo de f\u00e9rias em Condeixa, pr\u00f3ximo de Coimbra, \u201cuma tentativa de aproximar os jovens dos utentes e da miss\u00e3o das irm\u00e3s Hospitaleiras\u201d, diz a religiosa que integra a equipa de pastoral juvenil da congrega\u00e7\u00e3o vocacionada para a sa\u00fade mental.<\/p>\n<p>\u201cN\u00e3o s\u00f3 damos como recebemos. \u00c9 uma experi\u00eancia muito interessante\u201d, sublinha ao nosso correspondente em Portugal, Domingos Pinto, a irm\u00e3 Fernanda Oliveira que espera ainda que esta proximidade ajude a esbater \u201cos preconceitos que temos em rela\u00e7\u00e3o \u00e0s pessoas que sofrem de doen\u00e7a mental\u201d.<\/p>\n<p style=\"text-align: justify;\">\u00a0<\/p>\n<p style=\"text-align: justify;\"><a href=\"http:\/\/media02.radiovaticana.va\/audio\/audio2\/mp3\/00544166.mp3\">Clique aqui para ouvir.<\/a><\/p>\n<p style=\"text-align: justify;\">\u00a0<\/p>\n<p style=\"text-align: justify;\">Fonte: R\u00e1dio Vaticano<\/p>\n","protected":false},"excerpt":{"rendered":"<p>Portugal: \u201cN\u00e3o se vive a hospitalidade sem Miseric\u00f3rdia\u201d A convic\u00e7\u00e3o \u00e9 da Irm\u00e3 Fernanda Oliveira, das Hospitaleiras do Sagrado Cora\u00e7\u00e3o de Jesus a prop\u00f3sito dos \u00abCampos de F\u00e9rias\u00bb que a congrega\u00e7\u00e3o est\u00e1 a promover neste ver\u00e3o em todo o pa\u00eds. Nesta 2\u00aa quinzena de Agosto come\u00e7ou mais um campo de f\u00e9rias em Condeixa, pr\u00f3ximo de [&hellip;]<\/p>\n","protected":false},"author":1,"featured_media":17079,"comment_status":"open","ping_status":"open","sticky":false,"template":"","format":"standard","meta":{"footnotes":""},"categories":[3],"tags":[],"class_list":["post-17080","post","type-post","status-publish","format-standard","has-post-thumbnail","hentry","category-vaticano"],"_links":{"self":[{"href":"https:\/\/catolicanet.net\/wp-cnet\/wp-json\/wp\/v2\/posts\/17080","targetHints":{"allow":["GET"]}}],"collection":[{"href":"https:\/\/catolicanet.net\/wp-cnet\/wp-json\/wp\/v2\/posts"}],"about":[{"href":"https:\/\/catolicanet.net\/wp-cnet\/wp-json\/wp\/v2\/types\/post"}],"author":[{"embeddable":true,"href":"https:\/\/catolicanet.net\/wp-cnet\/wp-json\/wp\/v2\/users\/1"}],"replies":[{"embeddable":true,"href":"https:\/\/catolicanet.net\/wp-cnet\/wp-json\/wp\/v2\/comments?post=17080"}],"version-history":[{"count":1,"href":"https:\/\/catolicanet.net\/wp-cnet\/wp-json\/wp\/v2\/posts\/17080\/revisions"}],"predecessor-version":[{"id":28568,"href":"https:\/\/catolicanet.net\/wp-cnet\/wp-json\/wp\/v2\/posts\/17080\/revisions\/28568"}],"wp:featuredmedia":[{"embeddable":true,"href":"https:\/\/catolicanet.net\/wp-cnet\/wp-json\/wp\/v2\/media\/17079"}],"wp:attachment":[{"href":"https:\/\/catolicanet.net\/wp-cnet\/wp-json\/wp\/v2\/media?parent=17080"}],"wp:term":[{"taxonomy":"category","embeddable":true,"href":"https:\/\/catolicanet.net\/wp-cnet\/wp-json\/wp\/v2\/categories?post=17080"},{"taxonomy":"post_tag","embeddable":true,"href":"https:\/\/catolicanet.net\/wp-cnet\/wp-json\/wp\/v2\/tags?post=17080"}],"curies":[{"name":"wp","href":"https:\/\/api.w.org\/{rel}","templated":true}]}}