{"id":1708,"date":"2012-05-14T12:32:39","date_gmt":"2012-05-14T15:32:39","guid":{"rendered":"http:\/\/catolicanet.net\/wp-cnet\/papa-cancelada-etapa-em-la-verna-mas-discurso-e-publico\/"},"modified":"2017-03-21T10:02:25","modified_gmt":"2017-03-21T13:02:25","slug":"papa-cancelada-etapa-em-la-verna-mas-discurso-e-publico","status":"publish","type":"post","link":"https:\/\/catolicanet.net\/wp-cnet\/papa-cancelada-etapa-em-la-verna-mas-discurso-e-publico\/","title":{"rendered":"Papa: cancelada etapa em La Verna, mas discurso \u00e9 p\u00fablico"},"content":{"rendered":"<p style=\"text-align: justify;\"><img decoding=\"async\" src=\"images\/stories\/doisdepreto.png\" border=\"0\" align=\"left\" \/>O mau tempo que atingiu neste domingo a regi\u00e3o da Toscana obrigou o Papa a cancelar a visita programada ao Santu\u00e1rio franciscano de La Verna. N\u00e3o havia condi\u00e7\u00f5es de seguran\u00e7a e visibilidade suficientes para o v\u00f4o de helic\u00f3ptero do est\u00e1dio de Arezzo at\u00e9 a \u00e1rea predisposta para a aterrissagem.<\/p>\n<p>Consequentemente, Bento XVI antecipou a etapa sucessiva do programa, chegando \u00e0 cidade de Sansepolcro \u00e0s 17h15.<\/p>\n<p>No entanto, o discurso que teria proferido aos Frades Menores, \u00e0s Monjas Clarissas da Toscana e \u00e0s religiosas residentes em Chiusi della Verna foi publicado e autorizado a ser difundido pela Sala de Imprensa da Santa S\u00e9.<\/p>\n<p>No texto, Bento XVI teria lembrado uma importante passagem hist\u00f3rica da vida de S\u00e3o Francisco justamente onde, dois anos antes de sua morte, nele surgiram os estigmas da gloriosa paix\u00e3o de Cristo.<\/p>\n<p>A Cruz gloriosa de Cristo reassume os sofrimentos do mundo, mas \u00e9, sobretudo, sinal tang\u00edvel do amor, medida da bondade de Deus para com o homem frisa o texto.<\/p>\n<p>O discurso se conclui recordando que o amor por Cristo \u00e9 a base da vida do Pastor, como tamb\u00e9m aquela do consagrado; um amor que n\u00e3o tem medo do compromisso e do cansa\u00e7o.<\/p>\n<p>E por fim, o Pont\u00edfice exorta a levar este amor ao homem do nosso tempo, frequentemente fechado no pr\u00f3prio individualismo; voc\u00eas s\u00e3o sinal da imensa miseric\u00f3rdia de Deus.<\/p>\n<p style=\"text-align: justify;\">\u00a0<\/p>\n<p style=\"text-align: justify;\">Fonte: R\u00e1dio Vaticano<br \/>Local: Cidade do Vaticano<\/p>\n","protected":false},"excerpt":{"rendered":"<p>O mau tempo que atingiu neste domingo a regi\u00e3o da Toscana obrigou o Papa a cancelar a visita programada ao Santu\u00e1rio franciscano de La Verna. N\u00e3o havia condi\u00e7\u00f5es de seguran\u00e7a e visibilidade suficientes para o v\u00f4o de helic\u00f3ptero do est\u00e1dio de Arezzo at\u00e9 a \u00e1rea predisposta para a aterrissagem. Consequentemente, Bento XVI antecipou a etapa [&hellip;]<\/p>\n","protected":false},"author":1,"featured_media":0,"comment_status":"closed","ping_status":"closed","sticky":false,"template":"","format":"standard","meta":{"footnotes":""},"categories":[4],"tags":[],"class_list":["post-1708","post","type-post","status-publish","format-standard","hentry","category-cotidiano"],"_links":{"self":[{"href":"https:\/\/catolicanet.net\/wp-cnet\/wp-json\/wp\/v2\/posts\/1708","targetHints":{"allow":["GET"]}}],"collection":[{"href":"https:\/\/catolicanet.net\/wp-cnet\/wp-json\/wp\/v2\/posts"}],"about":[{"href":"https:\/\/catolicanet.net\/wp-cnet\/wp-json\/wp\/v2\/types\/post"}],"author":[{"embeddable":true,"href":"https:\/\/catolicanet.net\/wp-cnet\/wp-json\/wp\/v2\/users\/1"}],"replies":[{"embeddable":true,"href":"https:\/\/catolicanet.net\/wp-cnet\/wp-json\/wp\/v2\/comments?post=1708"}],"version-history":[{"count":1,"href":"https:\/\/catolicanet.net\/wp-cnet\/wp-json\/wp\/v2\/posts\/1708\/revisions"}],"predecessor-version":[{"id":6832,"href":"https:\/\/catolicanet.net\/wp-cnet\/wp-json\/wp\/v2\/posts\/1708\/revisions\/6832"}],"wp:attachment":[{"href":"https:\/\/catolicanet.net\/wp-cnet\/wp-json\/wp\/v2\/media?parent=1708"}],"wp:term":[{"taxonomy":"category","embeddable":true,"href":"https:\/\/catolicanet.net\/wp-cnet\/wp-json\/wp\/v2\/categories?post=1708"},{"taxonomy":"post_tag","embeddable":true,"href":"https:\/\/catolicanet.net\/wp-cnet\/wp-json\/wp\/v2\/tags?post=1708"}],"curies":[{"name":"wp","href":"https:\/\/api.w.org\/{rel}","templated":true}]}}