{"id":17076,"date":"2016-08-17T13:25:56","date_gmt":"2016-08-17T16:25:56","guid":{"rendered":"http:\/\/catolicanet.net\/wp-cnet\/2016\/08\/17\/imagem-da-padroeira-de-maceio-e-recolocada-no-altar-mor-da-catedral\/"},"modified":"2017-05-26T15:05:21","modified_gmt":"2017-05-26T18:05:21","slug":"imagem-da-padroeira-de-maceio-e-recolocada-no-altar-mor-da-catedral","status":"publish","type":"post","link":"https:\/\/catolicanet.net\/wp-cnet\/imagem-da-padroeira-de-maceio-e-recolocada-no-altar-mor-da-catedral\/","title":{"rendered":"Imagem da padroeira de Macei\u00f3 \u00e9 recolocada no altar-mor da Catedral"},"content":{"rendered":"<p style=\"text-align: justify;\"><img decoding=\"async\" src=\"http:\/\/www.catolicanet.com.br\/images\/stories\/noticias\/nossa_senhora.jpg\" border=\"0\" align=\"left\" \/>Ap\u00f3s dois anos de restaura\u00e7\u00e3o, imagem foi reintroduzida em seu est\u00e1bulo<\/p>\n<p>Depois de dois anos, a imagem original da padroeira de Macei\u00f3, Nossa Senhora dos Prazeres, foi recolocada em seu est\u00e1bulo, no altar-mor da Catedral Metropolitana. A cerim\u00f4nia foi realizada na segunda-feira, 15 de agosto.<\/p>\n<p>A imagem de Nossa Senhora dos Prazeres \u00e9 do s\u00e9culo XIX e foi uma oferta do Bar\u00e3o de Atalaia. Ela chegou \u00e0\u00a0 Catedral em 1859. Desde o dia de sua entroniza\u00e7\u00e3o ela s\u00f3 veio a ser retirada para ser restaurada, em 2014. Somente agora, foi reintroduzida em seu est\u00e1bulo. <\/p>\n<p>\u201cNo dia 15 de agosto, em que celebramos a Assun\u00e7\u00e3o de Nossa Senhora, quando ela \u00e9 elevada aos c\u00e9us, elevamos at\u00e9 seu nicho a imagem da Padroeira de nossa Cidade e da arquidiocese, pois de seu altar ela olha por todos n\u00f3s\u201d, comentou o arcebispo de Macei\u00f3, dom Ant\u00f4nio Muniz. <\/p>\n<p>Depois da cerim\u00f4nia de entroniza\u00e7\u00e3o da imagem foi celebrada a missa em prepara\u00e7\u00e3o dos fi\u00e9is para a grande festa da padroeira, que come\u00e7a hoje, 17, e se estender\u00e1 at\u00e9 o dia 27 de agosto, dia de Nossa Senhora dos Prazeres. <br \/>Com informa\u00e7\u00f5es e foto da Pastoral da Comunica\u00e7\u00e3o da arquidiocese de Macei\u00f3<\/p>\n<p style=\"text-align: justify;\">\u00a0<\/p>\n<p style=\"text-align: justify;\">\u00a0<\/p>\n<p style=\"text-align: justify;\">Fonte: CNBB<\/p>\n","protected":false},"excerpt":{"rendered":"<p>Ap\u00f3s dois anos de restaura\u00e7\u00e3o, imagem foi reintroduzida em seu est\u00e1bulo Depois de dois anos, a imagem original da padroeira de Macei\u00f3, Nossa Senhora dos Prazeres, foi recolocada em seu est\u00e1bulo, no altar-mor da Catedral Metropolitana. A cerim\u00f4nia foi realizada na segunda-feira, 15 de agosto. A imagem de Nossa Senhora dos Prazeres \u00e9 do s\u00e9culo [&hellip;]<\/p>\n","protected":false},"author":1,"featured_media":17075,"comment_status":"open","ping_status":"open","sticky":false,"template":"","format":"standard","meta":{"footnotes":""},"categories":[7],"tags":[],"class_list":["post-17076","post","type-post","status-publish","format-standard","has-post-thumbnail","hentry","category-cnbb"],"_links":{"self":[{"href":"https:\/\/catolicanet.net\/wp-cnet\/wp-json\/wp\/v2\/posts\/17076","targetHints":{"allow":["GET"]}}],"collection":[{"href":"https:\/\/catolicanet.net\/wp-cnet\/wp-json\/wp\/v2\/posts"}],"about":[{"href":"https:\/\/catolicanet.net\/wp-cnet\/wp-json\/wp\/v2\/types\/post"}],"author":[{"embeddable":true,"href":"https:\/\/catolicanet.net\/wp-cnet\/wp-json\/wp\/v2\/users\/1"}],"replies":[{"embeddable":true,"href":"https:\/\/catolicanet.net\/wp-cnet\/wp-json\/wp\/v2\/comments?post=17076"}],"version-history":[{"count":1,"href":"https:\/\/catolicanet.net\/wp-cnet\/wp-json\/wp\/v2\/posts\/17076\/revisions"}],"predecessor-version":[{"id":23494,"href":"https:\/\/catolicanet.net\/wp-cnet\/wp-json\/wp\/v2\/posts\/17076\/revisions\/23494"}],"wp:featuredmedia":[{"embeddable":true,"href":"https:\/\/catolicanet.net\/wp-cnet\/wp-json\/wp\/v2\/media\/17075"}],"wp:attachment":[{"href":"https:\/\/catolicanet.net\/wp-cnet\/wp-json\/wp\/v2\/media?parent=17076"}],"wp:term":[{"taxonomy":"category","embeddable":true,"href":"https:\/\/catolicanet.net\/wp-cnet\/wp-json\/wp\/v2\/categories?post=17076"},{"taxonomy":"post_tag","embeddable":true,"href":"https:\/\/catolicanet.net\/wp-cnet\/wp-json\/wp\/v2\/tags?post=17076"}],"curies":[{"name":"wp","href":"https:\/\/api.w.org\/{rel}","templated":true}]}}