{"id":17072,"date":"2016-08-17T13:17:30","date_gmt":"2016-08-17T16:17:30","guid":{"rendered":"http:\/\/catolicanet.net\/wp-cnet\/2016\/08\/17\/setor-universidades-reune-equipe-responsavel-pelo-programa-missao-pais\/"},"modified":"2017-06-02T14:08:21","modified_gmt":"2017-06-02T17:08:21","slug":"setor-universidades-reune-equipe-responsavel-pelo-programa-missao-pais","status":"publish","type":"post","link":"https:\/\/catolicanet.net\/wp-cnet\/setor-universidades-reune-equipe-responsavel-pelo-programa-missao-pais\/","title":{"rendered":"Setor Universidades re\u00fane equipe respons\u00e1vel pelo Programa Miss\u00e3o Pa\u00eds"},"content":{"rendered":"<p style=\"text-align: justify;\"><img decoding=\"async\" src=\"http:\/\/www.catolicanet.com.br\/images\/stories\/noticias\/setor_universidades.jpg\" border=\"0\" align=\"left\" \/>Programa ser\u00e1 lan\u00e7ado em 2017, durante o IV Encontro Brasileiro de Universit\u00e1rios Crist\u00e3os (EBRUC)<\/p>\n<p>O Setor Universidades da Confer\u00eancia Nacional dos Bispos do Brasil (CNBB) realizou, nos dias 6 e 7 de agosto, encontro com o grupo de trabalho respons\u00e1vel pela constru\u00e7\u00e3o do Programa Miss\u00e3o Pa\u00eds, que ser\u00e1 lan\u00e7ado em 2017. A reuni\u00e3o foi realizada no Semin\u00e1rio Maior Imaculada Concei\u00e7\u00e3o, na cidade de Campinas (SP), e contou com a participa\u00e7\u00e3o de representantes de dez experi\u00eancias mission\u00e1rias, em \u00e2mbito universit\u00e1rio no Brasil.<\/p>\n<p>Na ocasi\u00e3o, o grupo participou de momentos formativos, dentre eles, a apresenta\u00e7\u00e3o do Estudo 108 da CNBB \u201cMiss\u00e3o e Coopera\u00e7\u00e3o Mission\u00e1ria: Orienta\u00e7\u00f5es para a anima\u00e7\u00e3o mission\u00e1ria na Igreja no Brasil\u201d, conduzido pelo assessor da Pastoral Universit\u00e1ria da diocese de Jales (SP), padre Eduardo Lima. Al\u00e9m disso, tamb\u00e9m houve exposi\u00e7\u00e3o com o tema \u201cElementos de identidade das experi\u00eancias mission\u00e1rias no ambiente universit\u00e1rio do Brasil e a sua rela\u00e7\u00e3o com as DGAE (2015-2019)\u201d, orientado pelo assessor do Setor Universidades, padre Danilo Pinto dos Santos.<\/p>\n<p>Al\u00e9m das forma\u00e7\u00f5es e da constru\u00e7\u00e3o do Programa Miss\u00e3o Pa\u00eds, os integrantes do grupo tamb\u00e9m contaram com um espa\u00e7o para a partilha das experi\u00eancias mission\u00e1rias que cada um representou no encontro.<\/p>\n<p style=\"text-align: justify;\">Programa Miss\u00e3o Pa\u00eds<\/p>\n<p>O Programa Miss\u00e3o Pa\u00eds ser\u00e1 lan\u00e7ado em 2017, durante o IV Encontro Brasileiro de Universit\u00e1rios Crist\u00e3os (Ebruc), que acontecer\u00e1 na cidade de Manaus (AM). Tem por objetivo a promo\u00e7\u00e3o de experi\u00eancias mission\u00e1rias no \u00e2mbito universit\u00e1rio no Brasil, favorecendo uma transforma\u00e7\u00e3o social das realidades por meio do testemunho e an\u00fancio do Cristo Ressuscitado.<\/p>\n<p style=\"text-align: justify;\">\u00a0<\/p>\n<p style=\"text-align: justify;\">Fonte: CNBB<\/p>\n","protected":false},"excerpt":{"rendered":"<p>Programa ser\u00e1 lan\u00e7ado em 2017, durante o IV Encontro Brasileiro de Universit\u00e1rios Crist\u00e3os (EBRUC) O Setor Universidades da Confer\u00eancia Nacional dos Bispos do Brasil (CNBB) realizou, nos dias 6 e 7 de agosto, encontro com o grupo de trabalho respons\u00e1vel pela constru\u00e7\u00e3o do Programa Miss\u00e3o Pa\u00eds, que ser\u00e1 lan\u00e7ado em 2017. A reuni\u00e3o foi realizada [&hellip;]<\/p>\n","protected":false},"author":1,"featured_media":17071,"comment_status":"open","ping_status":"open","sticky":false,"template":"","format":"standard","meta":{"footnotes":""},"categories":[3],"tags":[],"class_list":["post-17072","post","type-post","status-publish","format-standard","has-post-thumbnail","hentry","category-vaticano"],"_links":{"self":[{"href":"https:\/\/catolicanet.net\/wp-cnet\/wp-json\/wp\/v2\/posts\/17072","targetHints":{"allow":["GET"]}}],"collection":[{"href":"https:\/\/catolicanet.net\/wp-cnet\/wp-json\/wp\/v2\/posts"}],"about":[{"href":"https:\/\/catolicanet.net\/wp-cnet\/wp-json\/wp\/v2\/types\/post"}],"author":[{"embeddable":true,"href":"https:\/\/catolicanet.net\/wp-cnet\/wp-json\/wp\/v2\/users\/1"}],"replies":[{"embeddable":true,"href":"https:\/\/catolicanet.net\/wp-cnet\/wp-json\/wp\/v2\/comments?post=17072"}],"version-history":[{"count":1,"href":"https:\/\/catolicanet.net\/wp-cnet\/wp-json\/wp\/v2\/posts\/17072\/revisions"}],"predecessor-version":[{"id":28640,"href":"https:\/\/catolicanet.net\/wp-cnet\/wp-json\/wp\/v2\/posts\/17072\/revisions\/28640"}],"wp:featuredmedia":[{"embeddable":true,"href":"https:\/\/catolicanet.net\/wp-cnet\/wp-json\/wp\/v2\/media\/17071"}],"wp:attachment":[{"href":"https:\/\/catolicanet.net\/wp-cnet\/wp-json\/wp\/v2\/media?parent=17072"}],"wp:term":[{"taxonomy":"category","embeddable":true,"href":"https:\/\/catolicanet.net\/wp-cnet\/wp-json\/wp\/v2\/categories?post=17072"},{"taxonomy":"post_tag","embeddable":true,"href":"https:\/\/catolicanet.net\/wp-cnet\/wp-json\/wp\/v2\/tags?post=17072"}],"curies":[{"name":"wp","href":"https:\/\/api.w.org\/{rel}","templated":true}]}}