{"id":17070,"date":"2016-08-17T13:13:26","date_gmt":"2016-08-17T16:13:26","guid":{"rendered":"http:\/\/catolicanet.net\/wp-cnet\/2016\/08\/17\/reuniao-anual-do-forum-ecumenico-act-brasil-acontece-em-brasilia\/"},"modified":"2017-05-26T15:05:56","modified_gmt":"2017-05-26T18:05:56","slug":"reuniao-anual-do-forum-ecumenico-act-brasil-acontece-em-brasilia","status":"publish","type":"post","link":"https:\/\/catolicanet.net\/wp-cnet\/reuniao-anual-do-forum-ecumenico-act-brasil-acontece-em-brasilia\/","title":{"rendered":"Reuni\u00e3o Anual do F\u00f3rum Ecum\u00eanico ACT Brasil acontece em Bras\u00edlia"},"content":{"rendered":"<p style=\"text-align: justify;\"><img decoding=\"async\" src=\"http:\/\/www.catolicanet.com.br\/images\/stories\/noticias\/ecumenismo.jpg\" border=\"0\" align=\"left\" \/>Na ocasi\u00e3o, s\u00e3o definidas as a\u00e7\u00f5es priorit\u00e1rias do F\u00f3rum para o movimento ecum\u00eanico em 2017<\/p>\n<p>Come\u00e7a nesta ter\u00e7a-feira, 16, a reuni\u00e3o anual do F\u00f3rum Ecum\u00eanico ACT Brasil, do qual a Confer\u00eancia Nacional dos Bispos do Brasil (CNBB) faz parte, na sede da C\u00e1ritas Nacional, em Bras\u00edlia. Entre os participantes do encontro est\u00e1 o assessor da Comiss\u00e3o Episcopal Pastoral para o Ecumenismo e o Di\u00e1logo Inter-religioso da CNBB, padre Marcus Barbosa Guimar\u00e3es.<\/p>\n<p>De acordo com ele, durante estes dias de encontro, os participantes pretendem definir as a\u00e7\u00f5es priorit\u00e1rias do F\u00f3rum para o movimento ecum\u00eanico em 2017. \u201cA partir de nossa f\u00e9, unida a uma reflex\u00e3o sobre o cristianismo e democracia na atualidade, tamb\u00e9m pretendemos fazer uma avalia\u00e7\u00e3o das atividades realizadas\u201d, disse.<\/p>\n<p>O F\u00f3rum Ecum\u00eanico ACT Brasil existe h\u00e1 aproximadamente 20 anos e \u00e9 uma das principais articula\u00e7\u00f5es nacionais e ecum\u00eanicas organizadas no Brasil. Para o assessor da Comiss\u00e3o, o F\u00f3rum \u00e9 \u201cum espa\u00e7o privilegiado de espiritualidade e de partilha de a\u00e7\u00f5es ecum\u00eanicas realizadas no pa\u00eds\u201d. <\/p>\n<p>\u201cLembremos que foi desse F\u00f3rum, entre tantas iniciativas, que nasceram as Jornadas Ecum\u00eanicas da Juventude e a recente Miss\u00e3o Ecum\u00eanica de solidariedade ao Povo Guarani-Kaiowa, no Mato Grosso do Sul\u201d, enfatizou.<\/p>\n<p>A reuni\u00e3o seguir\u00e1 at\u00e9 o dia 17 de agosto. A agenda do encontro inclui o painel \u201cReligi\u00f5es e Democracia \u2013 dilemas atuais sobre a f\u00e9 e o poder\u201d, e conta com palestrantes convidados.<\/p>\n<p style=\"text-align: justify;\">\u00a0<\/p>\n<p style=\"text-align: justify;\">Fonte: CNBB<\/p>\n","protected":false},"excerpt":{"rendered":"<p>Na ocasi\u00e3o, s\u00e3o definidas as a\u00e7\u00f5es priorit\u00e1rias do F\u00f3rum para o movimento ecum\u00eanico em 2017 Come\u00e7a nesta ter\u00e7a-feira, 16, a reuni\u00e3o anual do F\u00f3rum Ecum\u00eanico ACT Brasil, do qual a Confer\u00eancia Nacional dos Bispos do Brasil (CNBB) faz parte, na sede da C\u00e1ritas Nacional, em Bras\u00edlia. Entre os participantes do encontro est\u00e1 o assessor da [&hellip;]<\/p>\n","protected":false},"author":1,"featured_media":17069,"comment_status":"open","ping_status":"open","sticky":false,"template":"","format":"standard","meta":{"footnotes":""},"categories":[7],"tags":[],"class_list":["post-17070","post","type-post","status-publish","format-standard","has-post-thumbnail","hentry","category-cnbb"],"_links":{"self":[{"href":"https:\/\/catolicanet.net\/wp-cnet\/wp-json\/wp\/v2\/posts\/17070","targetHints":{"allow":["GET"]}}],"collection":[{"href":"https:\/\/catolicanet.net\/wp-cnet\/wp-json\/wp\/v2\/posts"}],"about":[{"href":"https:\/\/catolicanet.net\/wp-cnet\/wp-json\/wp\/v2\/types\/post"}],"author":[{"embeddable":true,"href":"https:\/\/catolicanet.net\/wp-cnet\/wp-json\/wp\/v2\/users\/1"}],"replies":[{"embeddable":true,"href":"https:\/\/catolicanet.net\/wp-cnet\/wp-json\/wp\/v2\/comments?post=17070"}],"version-history":[{"count":1,"href":"https:\/\/catolicanet.net\/wp-cnet\/wp-json\/wp\/v2\/posts\/17070\/revisions"}],"predecessor-version":[{"id":23496,"href":"https:\/\/catolicanet.net\/wp-cnet\/wp-json\/wp\/v2\/posts\/17070\/revisions\/23496"}],"wp:featuredmedia":[{"embeddable":true,"href":"https:\/\/catolicanet.net\/wp-cnet\/wp-json\/wp\/v2\/media\/17069"}],"wp:attachment":[{"href":"https:\/\/catolicanet.net\/wp-cnet\/wp-json\/wp\/v2\/media?parent=17070"}],"wp:term":[{"taxonomy":"category","embeddable":true,"href":"https:\/\/catolicanet.net\/wp-cnet\/wp-json\/wp\/v2\/categories?post=17070"},{"taxonomy":"post_tag","embeddable":true,"href":"https:\/\/catolicanet.net\/wp-cnet\/wp-json\/wp\/v2\/tags?post=17070"}],"curies":[{"name":"wp","href":"https:\/\/api.w.org\/{rel}","templated":true}]}}