{"id":17065,"date":"2016-08-17T12:55:36","date_gmt":"2016-08-17T15:55:36","guid":{"rendered":"http:\/\/catolicanet.net\/wp-cnet\/2016\/08\/17\/porta-da-misericordia-e-aberta-em-mosteiro-de-clarissas\/"},"modified":"2017-05-26T15:07:09","modified_gmt":"2017-05-26T18:07:09","slug":"porta-da-misericordia-e-aberta-em-mosteiro-de-clarissas","status":"publish","type":"post","link":"https:\/\/catolicanet.net\/wp-cnet\/porta-da-misericordia-e-aberta-em-mosteiro-de-clarissas\/","title":{"rendered":"Porta da Miseric\u00f3rdia \u00e9 aberta em mosteiro de Clarissas"},"content":{"rendered":"<p style=\"text-align: justify;\"><img decoding=\"async\" src=\"http:\/\/www.catolicanet.com.br\/images\/stories\/noticias\/marilia-clarissas-1.jpg\" border=\"0\" align=\"left\" \/>Institui\u00e7\u00e3o do local de travessia dos peregrinos ocorreu no dia dedicado a Santa Clara<\/p>\n<p>O bispo de Mar\u00edlia (SP), dom Luiz Antonio Cipolini, abriu a Porta da Miseric\u00f3rdia no mosteiro Maria Imaculada, pertencente \u00e0s religiosas Clarissas da Ordem de Santa Clara. A celebra\u00e7\u00e3o aconteceu na quinta-feira, 11, quando a Igreja fez mem\u00f3ria da fundadora da ordem, Santa Clara de Assis.<\/p>\n<p>No contexto do Jubileu Extraordin\u00e1rio da Miseric\u00f3rdia, convocado pelo papa Francisco, dom Luiz ressaltou o desejo do pont\u00edfice de que todos os crist\u00e3os reflitam sobre as obras de miseric\u00f3rdia corporais e espirituais. Citando-as, o bispo diocesano lembrou que elas constituem a maneira de acordar as consci\u00eancias, muitas vezes adormecidas, perante o drama da pobreza.<\/p>\n<p>\u201cSe quisermos experimentar a miseric\u00f3rdia de Deus nosso Pai, se quisermos sentir a alegria que vem de Deus, sejamos praticantes das obras de miseric\u00f3rdia; quem as coloca em pr\u00e1tica \u00e9 feliz\u201d, disse.<\/p>\n<p>O mosteiro Maria Imaculada \u00e9 o \u00fanico na cidade de Mar\u00edlia. A abadessa do local onde residem 16 religiosas enclausuradas, irm\u00e3 Francis Maris da Imaculada, expressou a alegria das monjas em celebrar o perd\u00e3o de Deus com a passagem pela Porta da Miseric\u00f3rdia. \u201cFicamos muito felizes pela oportunidade. \u00c9 o momento que Nosso Senhor olha para a nossa mis\u00e9ria e nos perdoa\u201d, afirmou.<\/p>\n<p>Ao falar da vida de Clara, santa que criou a Regra da Ordem que leva seu nome e inspira a vida de monjas reclusas no mundo inteiro, o bispo lembrou que as ren\u00fancias, realizadas ainda na juventude, foram feitas para que ela seguisse o caminho apontado por S\u00e3o Francisco de Assis, homem que marcou o s\u00e9culo XIII com sua pobreza e alegria no seguimento de Cristo. <\/p>\n<p>\u201cSanta Clara deixou tudo que ela tinha para seguir este caminho que \u00e9 o pr\u00f3prio Cristo, por isso ela entrou nesta videira que \u00e9 a vida religiosa\u201d, explicou dom Luiz. <\/p>\n<p>O Ano Santo da Miseric\u00f3rdia seguir\u00e1 at\u00e9 o dia 20 de novembro.<br \/>Com informa\u00e7\u00f5es e foto da diocese de Mar\u00edlia (SP)<\/p>\n<p style=\"text-align: justify;\">\u00a0<\/p>\n<p style=\"text-align: justify;\">Fonte: CNBB<\/p>\n","protected":false},"excerpt":{"rendered":"<p>Institui\u00e7\u00e3o do local de travessia dos peregrinos ocorreu no dia dedicado a Santa Clara O bispo de Mar\u00edlia (SP), dom Luiz Antonio Cipolini, abriu a Porta da Miseric\u00f3rdia no mosteiro Maria Imaculada, pertencente \u00e0s religiosas Clarissas da Ordem de Santa Clara. A celebra\u00e7\u00e3o aconteceu na quinta-feira, 11, quando a Igreja fez mem\u00f3ria da fundadora da [&hellip;]<\/p>\n","protected":false},"author":1,"featured_media":17064,"comment_status":"open","ping_status":"open","sticky":false,"template":"","format":"standard","meta":{"footnotes":""},"categories":[7],"tags":[],"class_list":["post-17065","post","type-post","status-publish","format-standard","has-post-thumbnail","hentry","category-cnbb"],"_links":{"self":[{"href":"https:\/\/catolicanet.net\/wp-cnet\/wp-json\/wp\/v2\/posts\/17065","targetHints":{"allow":["GET"]}}],"collection":[{"href":"https:\/\/catolicanet.net\/wp-cnet\/wp-json\/wp\/v2\/posts"}],"about":[{"href":"https:\/\/catolicanet.net\/wp-cnet\/wp-json\/wp\/v2\/types\/post"}],"author":[{"embeddable":true,"href":"https:\/\/catolicanet.net\/wp-cnet\/wp-json\/wp\/v2\/users\/1"}],"replies":[{"embeddable":true,"href":"https:\/\/catolicanet.net\/wp-cnet\/wp-json\/wp\/v2\/comments?post=17065"}],"version-history":[{"count":1,"href":"https:\/\/catolicanet.net\/wp-cnet\/wp-json\/wp\/v2\/posts\/17065\/revisions"}],"predecessor-version":[{"id":23499,"href":"https:\/\/catolicanet.net\/wp-cnet\/wp-json\/wp\/v2\/posts\/17065\/revisions\/23499"}],"wp:featuredmedia":[{"embeddable":true,"href":"https:\/\/catolicanet.net\/wp-cnet\/wp-json\/wp\/v2\/media\/17064"}],"wp:attachment":[{"href":"https:\/\/catolicanet.net\/wp-cnet\/wp-json\/wp\/v2\/media?parent=17065"}],"wp:term":[{"taxonomy":"category","embeddable":true,"href":"https:\/\/catolicanet.net\/wp-cnet\/wp-json\/wp\/v2\/categories?post=17065"},{"taxonomy":"post_tag","embeddable":true,"href":"https:\/\/catolicanet.net\/wp-cnet\/wp-json\/wp\/v2\/tags?post=17065"}],"curies":[{"name":"wp","href":"https:\/\/api.w.org\/{rel}","templated":true}]}}