{"id":17059,"date":"2016-08-17T12:10:57","date_gmt":"2016-08-17T15:10:57","guid":{"rendered":"http:\/\/catolicanet.net\/wp-cnet\/2016\/08\/17\/o-icone-perfeito-da-fe\/"},"modified":"2017-05-08T09:35:12","modified_gmt":"2017-05-08T12:35:12","slug":"o-icone-perfeito-da-fe","status":"publish","type":"post","link":"https:\/\/catolicanet.net\/wp-cnet\/o-icone-perfeito-da-fe\/","title":{"rendered":"O \u00edcone perfeito da f\u00e9"},"content":{"rendered":"<p style=\"text-align: justify;\">O contraste que h\u00e1 entre as leituras do Apocalipse (11,9.12,1-3) e do Evangelho (Lc 1,39-56) apresentadas na Missa da solenidade da Assun\u00e7\u00e3o de Maria aos c\u00e9us merece reflex\u00e3o e tem uma instrutiva explica\u00e7\u00e3o. Passa-se, com efeito, de Maria de Nazar\u00e9, a humilde serva do Deus Alt\u00edssimo, \u00e0 mulher revestida de sol e coroada de doze estrelas, descrita por S\u00e3o Jo\u00e3o. Esta transforma\u00e7\u00e3o, por\u00e9m, tem seu esclarecimento nas palavras de Isabel: \u201cBem-aventurada aquela que acreditou no cumprimento das palavras que lhe foram ditas da parte do Senhor\u201d. O Papa Francisco assim se expressou na sua Enc\u00edclica Lumen Fidei: \u201cA M\u00e3e do Senhor \u00e9 o \u00edcone perfeito da f\u00e9. [&#8230;] Na M\u00e3e de Jesus, de fato, a f\u00e9 trouxe todo o seu fruto\u201d. A raz\u00e3o pela qual a f\u00e9 de Maria teve efeito t\u00e3o extraordin\u00e1rio foi dada pelo mesmo Papa: \u201cNa plenitude dos tempos, a Palavra de Deus foi endere\u00e7ada a Maria e ela a acolheu com todo o seu ser, no seu cora\u00e7\u00e3o\u201d Ela, realmente, se imergiu inteiramente na mensagem que o Arcanjo Gabriel lhe trouxera da parte de Deus. O \u201csim\u201d de Maria foi sem condi\u00e7\u00f5es e sem tergiversa\u00e7\u00f5es, sem cl\u00e1usulas restritivas, segundo alguns comentaristas foi um cheque em branco passado a Deus. A plenitude da fecundidade de sua f\u00e9 se liga \u00e0 culmin\u00e2ncia de sua ades\u00e3o \u00e0 vontade divina. Por isto grande \u00e9 o j\u00fabilo que se apossa de todos os fi\u00e9is ao contemplar a Virgem Fiel indo de corpo e alma para o c\u00e9u, antecipando o que se dar\u00e1 a todos que acreditaram na palavra salvadora vinda de Deus. Trata-se de um gaudio fundamentado nesta realidade sublime: a Assun\u00e7\u00e3o de Maria prefigura a ressurrei\u00e7\u00e3o futura daqueles que viveram e vivem em fun\u00e7\u00e3o de tudo que Deus revelou. Estes est\u00e3o destinados ao mesmo itiner\u00e1rio da Rainha triunfante, cujo cora\u00e7\u00e3o foi trespassado pela espada de dor profetizada por Sime\u00e3o. Maria est\u00e1 ent\u00e3o a lembrar a seus filhos que a gl\u00f3ria passa sempre pela cruz deste ex\u00edlio terreno, contanto que seja carregada com paci\u00eancia, olhos voltados para a eternidade. Como bem se expressou o Frei Jo\u00e3o-Alexandre do Cordeiro, isto significa uma livre resposta de f\u00e9 \u00e0 proposta vantajosa do Deus de amor! Este Deus, contudo, exige uma doa\u00e7\u00e3o integral de todo o ser a Ele como ocorreu com Maria. Apenas assim a gra\u00e7a divina pode realizar maravilhas na vida dos crist\u00e3os, sendo tudo em todos.Todos modelados inteiramente pelo amor de Deus como aconteceu com a Virgem Santa. Esta \u00e9 a mensagem fulcral da solenidade deste dia, convidando a todos a deixar se transformar pela gra\u00e7a celeste sem \u00f3bices e dubiedades, sem qualquer indocilidade. Com coragem lutando pela justi\u00e7a contra toda injusti\u00e7a, levando ternura l\u00e1 onde h\u00e1 incompreens\u00e3o e viol\u00eancia, tudo dulcificando pelo afastamento d desprezo e da indiferen\u00e7a. Enfim, uma pugna constante contra o drag\u00e3o do pecado sob todas as suas manifesta\u00e7\u00f5es. \u00c9 a batalha constante entre as for\u00e7as da luz e as for\u00e7as das trevas. De um lado os que temem a Deus, os humildes de cora\u00e7\u00e3o, os famintos das realidades espirituais e de outro lado os soberbos, os adoradores das riquezas, os opressores. O destino dos bons, por\u00e9m, est\u00e1 tra\u00e7ado na solenidade de hoje, ou seja, um dia, a exemplo de Maria, ir para a Casa do Pai, para a gl\u00f3ria do c\u00e9u. Ela nos precedeu e a todos aguarda na outra margem da vida. Ela \u00e9 o sinal de toda nossa esperan\u00e7a. A felicidade que Deus um dia deu a ela, por ela e com ela, Ele quer para todos os que Lhe s\u00e3o fi\u00e9is como esta Mulher Bendita. Nesta solenidade de hoje a f\u00e9 fica reavivada, intensificado o liame com o divino Redentor e pulsa maior forte o anelo de caminhar com destemor para a Jerusal\u00e9m celeste. Como bem se expressou S\u00e3o Bernardo, Maria a irm\u00e3 de L\u00e1zaro ofereceu a Jesus a hospitalidade sob seu teto, Maria a M\u00e3e do Salvador, o albergou no apartamento nupcial de seu seio, podendo afirmar que \u201cAquele que me criou repousou no meu tabern\u00e1culo\u201d (Ecl 24,12). Foi por isto que como Filho agradecido Jesus, logo depois que a morte visitou sua m\u00e3e a ressuscitou e a levou de corpo e alma para o c\u00e9u e l\u00e1 ambos est\u00e3o a nossa espera. * Professor no Semin\u00e1rio de Mariana durante 40 anos.<\/p>\n","protected":false},"excerpt":{"rendered":"<p>O contraste que h\u00e1 entre as leituras do Apocalipse (11,9.12,1-3) e do Evangelho (Lc 1,39-56) apresentadas na Missa da solenidade da Assun\u00e7\u00e3o de Maria aos c\u00e9us merece reflex\u00e3o e tem uma instrutiva explica\u00e7\u00e3o. Passa-se, com efeito, de Maria de Nazar\u00e9, a humilde serva do Deus Alt\u00edssimo, \u00e0 mulher revestida de sol e coroada de doze [&hellip;]<\/p>\n","protected":false},"author":7,"featured_media":0,"comment_status":"open","ping_status":"open","sticky":false,"template":"","format":"standard","meta":{"footnotes":""},"categories":[9],"tags":[],"class_list":["post-17059","post","type-post","status-publish","format-standard","hentry","category-artigos"],"_links":{"self":[{"href":"https:\/\/catolicanet.net\/wp-cnet\/wp-json\/wp\/v2\/posts\/17059","targetHints":{"allow":["GET"]}}],"collection":[{"href":"https:\/\/catolicanet.net\/wp-cnet\/wp-json\/wp\/v2\/posts"}],"about":[{"href":"https:\/\/catolicanet.net\/wp-cnet\/wp-json\/wp\/v2\/types\/post"}],"author":[{"embeddable":true,"href":"https:\/\/catolicanet.net\/wp-cnet\/wp-json\/wp\/v2\/users\/7"}],"replies":[{"embeddable":true,"href":"https:\/\/catolicanet.net\/wp-cnet\/wp-json\/wp\/v2\/comments?post=17059"}],"version-history":[{"count":1,"href":"https:\/\/catolicanet.net\/wp-cnet\/wp-json\/wp\/v2\/posts\/17059\/revisions"}],"predecessor-version":[{"id":21381,"href":"https:\/\/catolicanet.net\/wp-cnet\/wp-json\/wp\/v2\/posts\/17059\/revisions\/21381"}],"wp:attachment":[{"href":"https:\/\/catolicanet.net\/wp-cnet\/wp-json\/wp\/v2\/media?parent=17059"}],"wp:term":[{"taxonomy":"category","embeddable":true,"href":"https:\/\/catolicanet.net\/wp-cnet\/wp-json\/wp\/v2\/categories?post=17059"},{"taxonomy":"post_tag","embeddable":true,"href":"https:\/\/catolicanet.net\/wp-cnet\/wp-json\/wp\/v2\/tags?post=17059"}],"curies":[{"name":"wp","href":"https:\/\/api.w.org\/{rel}","templated":true}]}}