{"id":17050,"date":"2016-08-12T19:14:00","date_gmt":"2016-08-12T22:14:00","guid":{"rendered":"http:\/\/catolicanet.net\/wp-cnet\/2016\/08\/12\/regional-noroeste-se-reune-em-rio-branco-com-a-secretaria-nacional-da-pj\/"},"modified":"2017-05-31T09:45:24","modified_gmt":"2017-05-31T12:45:24","slug":"regional-noroeste-se-reune-em-rio-branco-com-a-secretaria-nacional-da-pj","status":"publish","type":"post","link":"https:\/\/catolicanet.net\/wp-cnet\/regional-noroeste-se-reune-em-rio-branco-com-a-secretaria-nacional-da-pj\/","title":{"rendered":"Regional Noroeste se re\u00fane em Rio Branco com a secret\u00e1ria nacional da PJ"},"content":{"rendered":"<p style=\"text-align: justify;\"><img decoding=\"async\" src=\"http:\/\/www.catolicanet.com.br\/images\/stories\/noticias\/1-1-.jpg\" border=\"0\" align=\"left\" \/>A coordena\u00e7\u00e3o e assessoria da Pastoral da Juventude (CR) no Regional Noroeste esteve reunida nos dias 6 e 7 de agosto, no Semin\u00e1rio Pe. Jo\u00e3o Martins, em Rio Branco, Acre. O encontro faz parte da agenda 2016 da CR, e al\u00e9m de avaliar a caminhada a atividade debateu os Projetos Nacionais, a Ampliada e Encontro Nacional da PJ, planejou a agenda da PJ regional para 2017 e contou com a visita aos espa\u00e7os que acolher\u00e3o o 12\u00b0 ENPJ.<\/p>\n<p>Das sete [arqui]dioceses\/prelazia do Regional Noroeste, estiveram presentes seis na reuni\u00e3o: arquidiocese de Porto Velho (Rond\u00f4nia), prelazia de L\u00e1brea, e as dioceses de Rio Branco (Acre), Humait\u00e1 (sul do Amazonas), Ji-Paran\u00e1 e Guajar\u00e1-Mirim (Rond\u00f4nia). A jovem Bruna Sost \u2013 da Diocese de Guajar\u00e1-Mirim \u2013 que viajou 24 horas para chegar em Rio Branco, fala da import\u00e2ncia da atividade. \u201cEsse reencontro mostra a realidade de todas as dioceses, pra tomada de grandes decis\u00f5es, que nos alimenta pra toda essa caminhada de Pastoral da Juventude\u201d, disse.<\/p>\n<p>Durante o encontro tamb\u00e9m foram definidas as vagas para a Ampliada Nacional da PJ em janeiro de 2017, no Crato, Cear\u00e1. Al\u00e9m do coordenador nacional pelo regional, Deivisson Souza, comp\u00f5em a delega\u00e7\u00e3o o assessor regional, \u00c1lvaro J\u00fanior (L\u00e1brea), as jovens Thalita Vasconcelos (Rio Branco) e Bruna Sost (Guajar\u00e1-Mirim), e mais um jovem da Arquidiocese de Porto Velho, que ser\u00e1 definido internamente.<\/p>\n<p>A secret\u00e1ria nacional da PJ, Aline Ogliari, esteve presente durante todo encontro e colaborou nas reflex\u00f5es expostas, entre elas, o Encontro Nacional da Pastoral da Juventude, que em janeiro de 2018 ocorre na capital do Acre, Rio Branco. Ao final, na m\u00edstica de envio, Aline agradeceu os presentes que recebeu das dioceses que comp\u00f5em o Regional. \u201cAcho que Deus \u00e9 feliz com a gente. Quando a gente se disp\u00f5e a caminhar junto, a sonhar junto, e construir junto, buscando sempre a felicidade nossa e dos outros tamb\u00e9m, e das outras. Obrigada!\u201d, concluiu Aline.<\/p>\n<p>Por PJ Rio Branco<\/p>\n<p style=\"text-align: justify;\">\u00a0<\/p>\n<p style=\"text-align: justify;\">Fonte: Jovens Conectados<\/p>\n","protected":false},"excerpt":{"rendered":"<p>A coordena\u00e7\u00e3o e assessoria da Pastoral da Juventude (CR) no Regional Noroeste esteve reunida nos dias 6 e 7 de agosto, no Semin\u00e1rio Pe. Jo\u00e3o Martins, em Rio Branco, Acre. O encontro faz parte da agenda 2016 da CR, e al\u00e9m de avaliar a caminhada a atividade debateu os Projetos Nacionais, a Ampliada e Encontro [&hellip;]<\/p>\n","protected":false},"author":1,"featured_media":17049,"comment_status":"open","ping_status":"open","sticky":false,"template":"","format":"standard","meta":{"footnotes":""},"categories":[4],"tags":[],"class_list":["post-17050","post","type-post","status-publish","format-standard","has-post-thumbnail","hentry","category-cotidiano"],"_links":{"self":[{"href":"https:\/\/catolicanet.net\/wp-cnet\/wp-json\/wp\/v2\/posts\/17050","targetHints":{"allow":["GET"]}}],"collection":[{"href":"https:\/\/catolicanet.net\/wp-cnet\/wp-json\/wp\/v2\/posts"}],"about":[{"href":"https:\/\/catolicanet.net\/wp-cnet\/wp-json\/wp\/v2\/types\/post"}],"author":[{"embeddable":true,"href":"https:\/\/catolicanet.net\/wp-cnet\/wp-json\/wp\/v2\/users\/1"}],"replies":[{"embeddable":true,"href":"https:\/\/catolicanet.net\/wp-cnet\/wp-json\/wp\/v2\/comments?post=17050"}],"version-history":[{"count":1,"href":"https:\/\/catolicanet.net\/wp-cnet\/wp-json\/wp\/v2\/posts\/17050\/revisions"}],"predecessor-version":[{"id":25418,"href":"https:\/\/catolicanet.net\/wp-cnet\/wp-json\/wp\/v2\/posts\/17050\/revisions\/25418"}],"wp:featuredmedia":[{"embeddable":true,"href":"https:\/\/catolicanet.net\/wp-cnet\/wp-json\/wp\/v2\/media\/17049"}],"wp:attachment":[{"href":"https:\/\/catolicanet.net\/wp-cnet\/wp-json\/wp\/v2\/media?parent=17050"}],"wp:term":[{"taxonomy":"category","embeddable":true,"href":"https:\/\/catolicanet.net\/wp-cnet\/wp-json\/wp\/v2\/categories?post=17050"},{"taxonomy":"post_tag","embeddable":true,"href":"https:\/\/catolicanet.net\/wp-cnet\/wp-json\/wp\/v2\/tags?post=17050"}],"curies":[{"name":"wp","href":"https:\/\/api.w.org\/{rel}","templated":true}]}}