{"id":17044,"date":"2016-08-12T18:29:45","date_gmt":"2016-08-12T21:29:45","guid":{"rendered":"http:\/\/catolicanet.net\/wp-cnet\/2016\/08\/12\/mae-aborta-queimando-a-filha-viva-dentro-do-utero-29-anos-depois-a-filha-decide-se-vingar\/"},"modified":"2017-05-31T09:45:24","modified_gmt":"2017-05-31T12:45:24","slug":"mae-aborta-queimando-a-filha-viva-dentro-do-utero-29-anos-depois-a-filha-decide-se-vingar","status":"publish","type":"post","link":"https:\/\/catolicanet.net\/wp-cnet\/mae-aborta-queimando-a-filha-viva-dentro-do-utero-29-anos-depois-a-filha-decide-se-vingar\/","title":{"rendered":"M\u00e3e aborta queimando a filha viva dentro do \u00fatero. 29 anos depois, a filha decide se vingar"},"content":{"rendered":"<p style=\"text-align: justify;\"><img decoding=\"async\" src=\"http:\/\/www.catolicanet.com.br\/images\/stories\/noticias\/aborto.jpg\" border=\"0\" align=\"left\" \/>Uma hist\u00f3ria impactante e um v\u00eddeo que voc\u00ea precisa assistir<\/p>\n<p>O aborto \u00e9 um tema envolto em muita controv\u00e9rsia. Algumas pessoas s\u00e3o a favor, outras est\u00e3o no meio, aceitando apenas em casos de viola\u00e7\u00e3o e defici\u00eancias graves. Mas tamb\u00e9m existe gente contra, dizendo que abortar \u00e9 o mesmo que matar. Essa mulher tamb\u00e9m defende essa ideia\u2026<\/p>\n<p>Giana Jessen tem 29 anos e sobreviveu a um aborto. A m\u00e3e dela foi a uma cl\u00ednica para se \u201cdesfazer\u201d dela, quando j\u00e1 estava quase no fim da gravidez\u2026 com 7 meses e meio.<\/p>\n<p>L\u00e1, os m\u00e9dicos aconselharam a mulher a abortar atrav\u00e9s da inje\u00e7\u00e3o de uma solu\u00e7\u00e3o salina no \u00fatero, que faz com que o beb\u00ea queime por dentro e por fora, e depois ele nasceria morto. Mas quando todos pensaram que o feto j\u00e1 tinha falecido, algo impressionante aconteceu\u2026<\/p>\n<p>A beb\u00ea nasceu viva! Contra todas as expectativas, a menina sobreviveu\u2026 Gianna ficou com algumas sequelas por causa da falta de oxig\u00eanio, tais como a sua paralisia cerebral.<\/p>\n<p>Agora, 29 anos depois, ela decidiu se vingar da \u201cm\u00e3e\u201d, da melhor forma que existe. Sem viol\u00eancia nem \u00f3dio, mas sim sendo uma embaixadora contra o aborto!<\/p>\n<p>A jovem ativista d\u00e1 palestras por todo pa\u00eds, deixando um poderoso testemunho: a sua vida. O seu sucesso d\u00e1 que pensar, pois ela n\u00e3o estaria neste mundo caso o aborto tivesse funcionado\u2026 Ela est\u00e1 grata com Deus, por lhe ter concedido o dom da vida, e n\u00e3o ter deixado a sua \u201cm\u00e3e\u201d decidir por ela.<\/p>\n<p>Assista ao discurso de Gianna, vale a pena. E partilhe esta comovente mensagem com os seus familiares e amigos.<\/p>\n<p style=\"text-align: justify;\">\u00a0<\/p>\n<p style=\"text-align: justify;\"><a href=\"https:\/\/www.youtube.com\/watch?v=4QndNL50ABs\">Clique aqui para assistir o v\u00eddeo.<\/a><\/p>\n<p style=\"text-align: justify;\">\u00a0<\/p>\n<p style=\"text-align: justify;\">Fonte: Aleteia<\/p>\n","protected":false},"excerpt":{"rendered":"<p>Uma hist\u00f3ria impactante e um v\u00eddeo que voc\u00ea precisa assistir O aborto \u00e9 um tema envolto em muita controv\u00e9rsia. Algumas pessoas s\u00e3o a favor, outras est\u00e3o no meio, aceitando apenas em casos de viola\u00e7\u00e3o e defici\u00eancias graves. Mas tamb\u00e9m existe gente contra, dizendo que abortar \u00e9 o mesmo que matar. Essa mulher tamb\u00e9m defende essa [&hellip;]<\/p>\n","protected":false},"author":1,"featured_media":17043,"comment_status":"open","ping_status":"open","sticky":false,"template":"","format":"standard","meta":{"footnotes":""},"categories":[4],"tags":[],"class_list":["post-17044","post","type-post","status-publish","format-standard","has-post-thumbnail","hentry","category-cotidiano"],"_links":{"self":[{"href":"https:\/\/catolicanet.net\/wp-cnet\/wp-json\/wp\/v2\/posts\/17044","targetHints":{"allow":["GET"]}}],"collection":[{"href":"https:\/\/catolicanet.net\/wp-cnet\/wp-json\/wp\/v2\/posts"}],"about":[{"href":"https:\/\/catolicanet.net\/wp-cnet\/wp-json\/wp\/v2\/types\/post"}],"author":[{"embeddable":true,"href":"https:\/\/catolicanet.net\/wp-cnet\/wp-json\/wp\/v2\/users\/1"}],"replies":[{"embeddable":true,"href":"https:\/\/catolicanet.net\/wp-cnet\/wp-json\/wp\/v2\/comments?post=17044"}],"version-history":[{"count":1,"href":"https:\/\/catolicanet.net\/wp-cnet\/wp-json\/wp\/v2\/posts\/17044\/revisions"}],"predecessor-version":[{"id":25421,"href":"https:\/\/catolicanet.net\/wp-cnet\/wp-json\/wp\/v2\/posts\/17044\/revisions\/25421"}],"wp:featuredmedia":[{"embeddable":true,"href":"https:\/\/catolicanet.net\/wp-cnet\/wp-json\/wp\/v2\/media\/17043"}],"wp:attachment":[{"href":"https:\/\/catolicanet.net\/wp-cnet\/wp-json\/wp\/v2\/media?parent=17044"}],"wp:term":[{"taxonomy":"category","embeddable":true,"href":"https:\/\/catolicanet.net\/wp-cnet\/wp-json\/wp\/v2\/categories?post=17044"},{"taxonomy":"post_tag","embeddable":true,"href":"https:\/\/catolicanet.net\/wp-cnet\/wp-json\/wp\/v2\/tags?post=17044"}],"curies":[{"name":"wp","href":"https:\/\/api.w.org\/{rel}","templated":true}]}}