{"id":17040,"date":"2016-08-12T18:16:33","date_gmt":"2016-08-12T21:16:33","guid":{"rendered":"http:\/\/catolicanet.net\/wp-cnet\/2016\/08\/12\/setor-mobilidade-humana-avalia-caminhada\/"},"modified":"2017-05-26T15:07:38","modified_gmt":"2017-05-26T18:07:38","slug":"setor-mobilidade-humana-avalia-caminhada","status":"publish","type":"post","link":"https:\/\/catolicanet.net\/wp-cnet\/setor-mobilidade-humana-avalia-caminhada\/","title":{"rendered":"Setor Mobilidade Humana avalia caminhada"},"content":{"rendered":"<p style=\"text-align: justify;\"><img decoding=\"async\" src=\"http:\/\/www.catolicanet.com.br\/images\/stories\/noticias\/mobilidade_humana-vaso.png\" border=\"0\" align=\"left\" \/>Iniciativas foram divulgadas no encontro<\/p>\n<p>O Setor Pastoral da Mobilidade Humana (SMH) da Confer\u00eancia Nacional dos Bispos do Brasil (CNBB) realizou o Encontro da Coordena\u00e7\u00e3o Ampliada, no \u00faltimo dia 5. Na ocasi\u00e3o, as coordena\u00e7\u00f5es de cada uma das Pastorais que comp\u00f5em o Setor partilharam a caminhada, analisaram a conjuntura e tra\u00e7aram perspectivas para a articula\u00e7\u00e3o do SMH. Durante o encontro foram feitas comunica\u00e7\u00f5es sobre tem\u00e1ticas relacionadas ao trabalho das Pastorais.<\/p>\n<p>A pauta contou com an\u00e1lise de conjuntura a partir da mensagem da CNBB \u201cPensando o Brasil: crises e supera\u00e7\u00f5es\u201d, aprovada na \u00faltima Assembleia Geral da entidade, em abril deste ano. Foram abordados os quatro eixos do documento, sendo as crises cultural, econ\u00f4mica, social e pol\u00edtica. <\/p>\n<p>Na an\u00e1lise da realidade atual, percebida como \u201cfragmentada e de profundas crises\u201d, os participantes refletiram sobre a inspira\u00e7\u00e3o b\u00edblica inicial do livro do profeta Jeremias sobre o oleiro e o vaso quebrado. \u201cReconstruir o que est\u00e1 quebrado e ir al\u00e9m de nossas fragilidades e limites \u00e9 o desafio que encontramos no processo de constru\u00e7\u00e3o coletiva do Reinado de Deus entre n\u00f3s\u201d, aponta o SMH.<\/p>\n<p>A partir do texto Pensando o Brasil e da mobilidade humana na realidade brasileira, foi feita a an\u00e1lise de conjuntura. Os participantes consideram que a mensagem oferece subs\u00eddios significativos para as Pastorais que atuam com as pessoas em mobilidade, espont\u00e2nea ou for\u00e7ada, mesmo que n\u00e3o haja men\u00e7\u00e3o direta do tema nos quatro eixos apresentados.<\/p>\n<p>Para os participantes, ficou evidente o contexto de \u201c\u2018mudan\u00e7a de \u00e9poca\u2019, perda de refer\u00eancias e exacerba\u00e7\u00e3o do individualismo frente ao comunit\u00e1rio e as a\u00e7\u00f5es sociais coletivas na defesa de direitos historicamente consolidados\u201d. Frente \u00e0 pol\u00edtica e \u00e0 corrup\u00e7\u00e3o, h\u00e1, segundo o que foi constatado, \u201co discurso moralista e manipulador de sentimentos religiosos\u201d como a t\u00f4nica das cr\u00edticas a essa realidade. Tal postura, continuam, deixa de lado \u201cas causas estruturais da \u2018fal\u00eancia do estado e da pol\u00edtica\u2019 no Brasil\u201d e n\u00e3o apresentam \u201calternativas vi\u00e1veis ou que possam ser constru\u00eddas a partir das for\u00e7as vivas da sociedade\u201d, como as Igrejas, os movimentos sociais, as Organiza\u00e7\u00f5es n\u00e3o Governamentais (ONGs), as entidades representativas, as associa\u00e7\u00f5es e outras formas de organiza\u00e7\u00e3o e articula\u00e7\u00e3o da sociedade civil.<\/p>\n<p style=\"text-align: justify;\">Articula\u00e7\u00e3o<\/p>\n<p>As coordena\u00e7\u00f5es das Pastorais que comp\u00f5em o Setor expuseram fatos significativos da caminhada, desafios e perspectivas. No encontro foram destacados desafios e necessidades para a continuidade da articula\u00e7\u00e3o interna de cada Pastoral e do processo coletivo junto ao SMH.<\/p>\n<p>Os agentes apontaram as necessidades de manter as organiza\u00e7\u00f5es e a articula\u00e7\u00e3o entre elas atuante, \u201cpara avan\u00e7ar na incid\u00eancia por pol\u00edticas p\u00fablicas e na defesa dos direitos\u201d; de continuar e valorizar as pr\u00e1ticas de di\u00e1logo e incid\u00eancia junto aos pequenos grupos, movimentos sociais e popula\u00e7\u00f5es; de forma\u00e7\u00e3o de novos interlocutores e novos quadros, \u201cse desprender do discurso pol\u00edtico que se atenha a mera \u201cpartidariza\u00e7\u00e3o\u201d; e de politizar o discurso e sua incid\u00eancia na realidade.<\/p>\n<p>Outro desafio est\u00e1 inserido na dimens\u00e3o do agir. O SMH pretende reproduzir textos que ressaltem a realidade da mobilidade humana.<\/p>\n<p>Segundo o assessor da Comiss\u00e3o Episcopal Pastoral para o Servi\u00e7o da Caridade da Justi\u00e7a e da Paz da CNBB, frei Ol\u00e1vio Dotto, h\u00e1 nas Pastorais da Mobilidade Humana riqueza de situa\u00e7\u00f5es, capilaridade; encontro das pessoas que est\u00e3o \u00e0 margem, em situa\u00e7\u00f5es desconhecidas; incid\u00eancia pol\u00edtica na busca e defesa de direitos dos migrantes; e viv\u00eancia da f\u00e9 com acolhida nas comunidades. \u201c\u00c9 preciso fazer ecoar na Igreja a realidade migrat\u00f3ria, refor\u00e7ar o trabalho em rede\u201d, pontuou.<\/p>\n<p>\u201cO trabalho com migrantes e refugiados nos ensina a pensar nossa a\u00e7\u00e3o pastoral, partindo da necessidade do exerc\u00edcio da acolhida, da toler\u00e2ncia e de aprender com o outro\u201d, disse frei Dotto.<\/p>\n<p style=\"text-align: justify;\">Comunica\u00e7\u00f5es<\/p>\n<p>V\u00e1rios informes sobre projetos, eventos e assuntos relacionados ao trabalho das Pastorais s\u00e3o feitos ao final dos encontros. Nesta reuni\u00e3o da coordena\u00e7\u00e3o ampliada, foi falado sobre o Dia Mundial do Migrante e Refugiado 2017, a Lei de Migra\u00e7\u00f5es, Semin\u00e1rio sobre Migra\u00e7\u00f5es, Ref\u00fagio e Enfrentamento ao Tr\u00e1fico de Pessoas e\u00a0 novidades sobre situa\u00e7\u00e3o de grupos de refugiados no Brasil.<\/p>\n<p>O Dia Mundial do Migrante e Refugiado de 2017 ser\u00e1 em 15 de janeiro. O tema \u201cMigrantes menores, vulner\u00e1veis e sem voz\u201d expressa o desejo do papa Francisco, de acordo com o Pontif\u00edcio Conselho da Pastoral para Migrantes e os itinerantes do Vaticano, de focar a aten\u00e7\u00e3o nas crian\u00e7as que chegam sozinhas aos pa\u00edses de destino, e que \u201cn\u00e3o s\u00e3o capazes de fazer ouvir a pr\u00f3pria voz, tornando-se facilmente v\u00edtimas de graves viola\u00e7\u00f5es dos direitos humanos\u201d. A tem\u00e1tica foi apresentada ao pont\u00edfice ap\u00f3s sugest\u00f5es de organismos\u00a0 de Migra\u00e7\u00e3o, em Roma, com apoio de entidades brasileiras como Instituto Migra\u00e7\u00f5es e Direitos Humanos (IMDH), ligado ao SMH, e o Conselho Federal de Medicina.<\/p>\n<p>O texto da Lei de Migra\u00e7\u00f5es foi aprovado pela Comiss\u00e3o Especial dedicada ao assunto na C\u00e2mara dos Deputados. Considerado muito bom pelo SMH, foi resultado de \u201cgrandes debates e contribui\u00e7\u00f5es\u201d. O Setor, no entanto, aponta para \u201calguns retrocessos no dia da vota\u00e7\u00e3o pela Comiss\u00e3o\u201d e aguarda o debate e a aprova\u00e7\u00e3o pelo Plen\u00e1rio da C\u00e2mara.<\/p>\n<p>Outro informe \u00e9 que uma Rede Latino americana para Migrantes e Refugiados deve ser criada durante o Semin\u00e1rio sobre Migra\u00e7\u00f5es, Ref\u00fagio e Enfrentamento ao Tr\u00e1fico de Pessoas, que ser\u00e1 realizado em Honduras, de 13 a 17 de setembro, com a participa\u00e7\u00e3o de quase todos os pa\u00edses da Am\u00e9rica Latina. <\/p>\n<p>Por fim, foi noticiado aos participantes que o SMH conseguiu uma solu\u00e7\u00e3o in\u00e9dita junto ao Conselho Nacional de Imigra\u00e7\u00e3o, obtendo a resid\u00eancia permanente para 330 ganeses que haviam solicitado ref\u00fagio, mas que \u201cn\u00e3o reuniam os requisitos para uma solu\u00e7\u00e3o positiva nesta categoria\u201d. Isso foi poss\u00edvel ap\u00f3s a confec\u00e7\u00e3o de um \u201cestudo original e bem fundamentado\u201d pelo IMDH e pela Defensoria P\u00fablica da Uni\u00e3o (DPU). Em sequ\u00eancia, foram organizados pedidos semelhantes para dois grandes grupos, um de 230 pessoas na regi\u00e3o de S\u00e3o Paulo (SP) e arredores e outro com 277 na regi\u00e3o de Crici\u00fama (SC) e arredores.<\/p>\n<p>Participaram da reuni\u00e3o representantes das seguintes Pastorais e Servi\u00e7os: Rodovi\u00e1ria, dos N\u00f4mades, dos Refugiados, da Tr\u00edplice Fronteira, dos Migrantes e dos Estudantes Internacionais. O encontro teve a presen\u00e7a do bispo de Pesqueira (PE) e referencial do Setor Mobilidade Humana da CNBB, dom Jos\u00e9 Luiz Ferreira Salles; e do bispo de Eun\u00e1polis (BA) e respons\u00e1vel pela Pastoral dos N\u00f4mades, dom\u00a0 Jos\u00e9 Edson Santana Oliveira.<\/p>\n<p style=\"text-align: justify;\">\u00a0<\/p>\n<p style=\"text-align: justify;\">Fonte: CNBB<\/p>\n","protected":false},"excerpt":{"rendered":"<p>Iniciativas foram divulgadas no encontro O Setor Pastoral da Mobilidade Humana (SMH) da Confer\u00eancia Nacional dos Bispos do Brasil (CNBB) realizou o Encontro da Coordena\u00e7\u00e3o Ampliada, no \u00faltimo dia 5. Na ocasi\u00e3o, as coordena\u00e7\u00f5es de cada uma das Pastorais que comp\u00f5em o Setor partilharam a caminhada, analisaram a conjuntura e tra\u00e7aram perspectivas para a articula\u00e7\u00e3o [&hellip;]<\/p>\n","protected":false},"author":1,"featured_media":17039,"comment_status":"open","ping_status":"open","sticky":false,"template":"","format":"standard","meta":{"footnotes":""},"categories":[7],"tags":[],"class_list":["post-17040","post","type-post","status-publish","format-standard","has-post-thumbnail","hentry","category-cnbb"],"_links":{"self":[{"href":"https:\/\/catolicanet.net\/wp-cnet\/wp-json\/wp\/v2\/posts\/17040","targetHints":{"allow":["GET"]}}],"collection":[{"href":"https:\/\/catolicanet.net\/wp-cnet\/wp-json\/wp\/v2\/posts"}],"about":[{"href":"https:\/\/catolicanet.net\/wp-cnet\/wp-json\/wp\/v2\/types\/post"}],"author":[{"embeddable":true,"href":"https:\/\/catolicanet.net\/wp-cnet\/wp-json\/wp\/v2\/users\/1"}],"replies":[{"embeddable":true,"href":"https:\/\/catolicanet.net\/wp-cnet\/wp-json\/wp\/v2\/comments?post=17040"}],"version-history":[{"count":1,"href":"https:\/\/catolicanet.net\/wp-cnet\/wp-json\/wp\/v2\/posts\/17040\/revisions"}],"predecessor-version":[{"id":23500,"href":"https:\/\/catolicanet.net\/wp-cnet\/wp-json\/wp\/v2\/posts\/17040\/revisions\/23500"}],"wp:featuredmedia":[{"embeddable":true,"href":"https:\/\/catolicanet.net\/wp-cnet\/wp-json\/wp\/v2\/media\/17039"}],"wp:attachment":[{"href":"https:\/\/catolicanet.net\/wp-cnet\/wp-json\/wp\/v2\/media?parent=17040"}],"wp:term":[{"taxonomy":"category","embeddable":true,"href":"https:\/\/catolicanet.net\/wp-cnet\/wp-json\/wp\/v2\/categories?post=17040"},{"taxonomy":"post_tag","embeddable":true,"href":"https:\/\/catolicanet.net\/wp-cnet\/wp-json\/wp\/v2\/tags?post=17040"}],"curies":[{"name":"wp","href":"https:\/\/api.w.org\/{rel}","templated":true}]}}