{"id":17025,"date":"2016-08-12T12:36:57","date_gmt":"2016-08-12T15:36:57","guid":{"rendered":"http:\/\/catolicanet.net\/wp-cnet\/2016\/08\/12\/regional-nordeste-4-discute-atuacao-da-pascom-nas-dioceses-do-piaui\/"},"modified":"2017-05-26T15:07:54","modified_gmt":"2017-05-26T18:07:54","slug":"regional-nordeste-4-discute-atuacao-da-pascom-nas-dioceses-do-piaui","status":"publish","type":"post","link":"https:\/\/catolicanet.net\/wp-cnet\/regional-nordeste-4-discute-atuacao-da-pascom-nas-dioceses-do-piaui\/","title":{"rendered":"Regional Nordeste 4 discute atua\u00e7\u00e3o da Pascom nas dioceses do Piau\u00ed"},"content":{"rendered":"<p style=\"text-align: justify;\"><img decoding=\"async\" src=\"http:\/\/www.catolicanet.com.br\/images\/stories\/noticias\/pascomne4.jpg\" border=\"0\" align=\"left\" \/>Evento reuniu comunicadores no Centro de Treinamento Diocesano, da diocese de Picos<\/p>\n<p>Com o tema \u201cA comunica\u00e7\u00e3o na Igreja: atua\u00e7\u00e3o da Pascom nas dioceses do Piau\u00ed\u201d, agentes da Pastoral da Comunica\u00e7\u00e3o (Pascom) de Picos, Parna\u00edba, Campo Maior, Oeiras, Teresina e S\u00e3o Raimundo Nonato participaram, nos dias 5 a 7 de agosto, do 4\u00ba Encontro Regional da Pascom, promovido pelo regional Nordeste 4 da Confer\u00eancia Nacional dos Bispos do Brasil (CNBB).<\/p>\n<p>Tendo como foco principal o estudo do Documento 99 da CNBB, intitulado \u201cDiret\u00f3rio de Comunica\u00e7\u00e3o da Igreja no Brasil\u201d, o encontro foi assessorado pelo padre Ant\u00f4nio Xavier Batista, assessor da Comiss\u00e3o Episcopal Pastoral para a Comunica\u00e7\u00e3o.<\/p>\n<p>Para debater a tem\u00e1tica do evento, o diretor comercial de TV, Thesco Silva, falou sobre a influ\u00eancia dos meios de comunica\u00e7\u00e3o na opini\u00e3o p\u00fablica. Para ele, o termo comunica\u00e7\u00e3o \u00e9 abrangente. \u201cEvangelizar implica necessariamente em comunicar\u201d, afirmou.<\/p>\n<p>O encerramento do encontro foi marcado pela ora\u00e7\u00e3o da manh\u00e3 presidida pelo bispo em\u00e9rito de Floriano (PI), dom Augusto Alves da Rocha. Em seguida, houve missa celebrada pelo bispo diocesano de Picos (PI) e referencial para a comunica\u00e7\u00e3o do regional Nordeste 4, dom Pl\u00ednio Luz.<br \/>Com informa\u00e7\u00f5es e foto do regional NE IV<\/p>\n<p><\/p>\n<p style=\"text-align: justify;\">Fonte: CNBB<\/p>\n","protected":false},"excerpt":{"rendered":"<p>Evento reuniu comunicadores no Centro de Treinamento Diocesano, da diocese de Picos Com o tema \u201cA comunica\u00e7\u00e3o na Igreja: atua\u00e7\u00e3o da Pascom nas dioceses do Piau\u00ed\u201d, agentes da Pastoral da Comunica\u00e7\u00e3o (Pascom) de Picos, Parna\u00edba, Campo Maior, Oeiras, Teresina e S\u00e3o Raimundo Nonato participaram, nos dias 5 a 7 de agosto, do 4\u00ba Encontro Regional [&hellip;]<\/p>\n","protected":false},"author":1,"featured_media":17024,"comment_status":"open","ping_status":"open","sticky":false,"template":"","format":"standard","meta":{"footnotes":""},"categories":[7],"tags":[],"class_list":["post-17025","post","type-post","status-publish","format-standard","has-post-thumbnail","hentry","category-cnbb"],"_links":{"self":[{"href":"https:\/\/catolicanet.net\/wp-cnet\/wp-json\/wp\/v2\/posts\/17025","targetHints":{"allow":["GET"]}}],"collection":[{"href":"https:\/\/catolicanet.net\/wp-cnet\/wp-json\/wp\/v2\/posts"}],"about":[{"href":"https:\/\/catolicanet.net\/wp-cnet\/wp-json\/wp\/v2\/types\/post"}],"author":[{"embeddable":true,"href":"https:\/\/catolicanet.net\/wp-cnet\/wp-json\/wp\/v2\/users\/1"}],"replies":[{"embeddable":true,"href":"https:\/\/catolicanet.net\/wp-cnet\/wp-json\/wp\/v2\/comments?post=17025"}],"version-history":[{"count":1,"href":"https:\/\/catolicanet.net\/wp-cnet\/wp-json\/wp\/v2\/posts\/17025\/revisions"}],"predecessor-version":[{"id":23501,"href":"https:\/\/catolicanet.net\/wp-cnet\/wp-json\/wp\/v2\/posts\/17025\/revisions\/23501"}],"wp:featuredmedia":[{"embeddable":true,"href":"https:\/\/catolicanet.net\/wp-cnet\/wp-json\/wp\/v2\/media\/17024"}],"wp:attachment":[{"href":"https:\/\/catolicanet.net\/wp-cnet\/wp-json\/wp\/v2\/media?parent=17025"}],"wp:term":[{"taxonomy":"category","embeddable":true,"href":"https:\/\/catolicanet.net\/wp-cnet\/wp-json\/wp\/v2\/categories?post=17025"},{"taxonomy":"post_tag","embeddable":true,"href":"https:\/\/catolicanet.net\/wp-cnet\/wp-json\/wp\/v2\/tags?post=17025"}],"curies":[{"name":"wp","href":"https:\/\/api.w.org\/{rel}","templated":true}]}}