{"id":17020,"date":"2016-08-11T15:52:46","date_gmt":"2016-08-11T18:52:46","guid":{"rendered":"http:\/\/catolicanet.net\/wp-cnet\/2016\/08\/11\/poderosa-oracao-de-santo-tomas-de-aquino-para-pedir-a-luz-nos-estudos\/"},"modified":"2017-05-31T09:46:58","modified_gmt":"2017-05-31T12:46:58","slug":"poderosa-oracao-de-santo-tomas-de-aquino-para-pedir-a-luz-nos-estudos","status":"publish","type":"post","link":"https:\/\/catolicanet.net\/wp-cnet\/poderosa-oracao-de-santo-tomas-de-aquino-para-pedir-a-luz-nos-estudos\/","title":{"rendered":"Poderosa ora\u00e7\u00e3o de Santo Tom\u00e1s de Aquino para pedir a luz nos estudos"},"content":{"rendered":"<p style=\"text-align: justify;\"><img decoding=\"async\" src=\"http:\/\/www.catolicanet.com.br\/images\/stories\/noticias\/estudantes.jpg\" border=\"0\" align=\"left\" \/>Uma das mentes mais brilhantes da hist\u00f3ria do cristianismo nos ensina a pedir a Deus a gra\u00e7a de aprender<\/p>\n<p>Tom\u00e1s de Aquino \u00e9 um dos santos mais admirados de toda a hist\u00f3ria do cristianismo, dentro e fora da Igreja, n\u00e3o apenas pela santidade, mas tamb\u00e9m pelo dom de uma intelig\u00eancia aguda e luminosa, capaz de enxergar e explicar as conex\u00f5es entre os infinitos \u201cblocos de informa\u00e7\u00e3o\u201d aparentemente aleat\u00f3rios que o mundo nos apresenta.<\/p>\n<p>A ele, como a um amigo s\u00e1bio, recorre o estudante que pede ajuda para aprender.<\/p>\n<p>Compartilhamos a seguir duas vers\u00f5es populares de preces de Santo Tom\u00e1s de Aquino para pedir a Deus a gra\u00e7a da luz nos estudos:<\/p>\n<p><img decoding=\"async\" src=\"http:\/\/www.catolicanet.com.br\/images\/stories\/santo\/tomas-de-aquino.png\" border=\"0\" align=\"right\" \/>PRIMEIRA ORA\u00c7\u00c3O<\/p>\n<p>Infal\u00edvel Criador,<br \/>que, dos tesouros da Vossa sabedoria,<br \/>tirastes as hierarquias dos anjos,<br \/>colocando-as com ordem admir\u00e1vel no c\u00e9u;<br \/>V\u00f3s, que distribu\u00edstes o universo com encantadora harmonia;<br \/>V\u00f3s, que sois a verdadeira fonte da luz<br \/>e o princ\u00edpio supremo da sabedoria,<br \/>difundi sobre as trevas da minha mente o raio do esplendor,<br \/>removendo as duplas trevas nas quais nasci:<br \/>o pecado e a ignor\u00e2ncia.<\/p>\n<p>V\u00f3s, que tornastes fecunda a l\u00edngua das crian\u00e7as,<br \/>tornai erudita a minha l\u00edngua<br \/>e espalhai sobre os meus l\u00e1bios a vossa b\u00ean\u00e7\u00e3o.<\/p>\n<p>Concedei-me a agudeza de entender,<br \/>a capacidade de reter,<br \/>a sutileza de relevar,<br \/>a facilidade de aprender,<br \/>a gra\u00e7a abundante de falar e de escrever.<\/p>\n<p>Ensinai-me a come\u00e7ar,<br \/>regei-me no continuar e no perseverar at\u00e9 o t\u00e9rmino.<\/p>\n<p>V\u00f3s, que sois verdadeiro Deus e verdadeiro homem,<br \/>que viveis e reinais pelos s\u00e9culos dos s\u00e9culos.<br \/>Am\u00e9m.<\/p>\n<p><img decoding=\"async\" src=\"http:\/\/www.catolicanet.com.br\/images\/stories\/santo\/4w9lci115yehg4agjqe-oj5rlee.jpg\" border=\"0\" align=\"left\" \/>SEGUNDA ORA\u00c7\u00c3O<\/p>\n<p>Criador Inef\u00e1vel,<br \/>V\u00f3s que sois a fonte verdadeira da luz e da ci\u00eancia,<br \/>derramai sobre as trevas da minha intelig\u00eancia um raio da vossa claridade.<\/p>\n<p>Dai-me intelig\u00eancia para compreender,<br \/>mem\u00f3ria para reter,<br \/>facilidade para aprender,<br \/>sutileza para interpretar<br \/>e gra\u00e7a abundante para falar.<\/p>\n<p>Meu Deus, semeai em mim a semente da vossa bondade.<\/p>\n<p>Fazei-me pobre sem ser miser\u00e1vel,<br \/>humilde sem fingimento,<br \/>alegre sem superficialidade,<br \/>sincero sem hipocrisia;<br \/>que fa\u00e7a o bem sem presun\u00e7\u00e3o,<br \/>que corrija o pr\u00f3ximo sem arrog\u00e2ncia,<br \/>que admita a sua corre\u00e7\u00e3o sem soberba;<br \/>que a minha palavra e a minha vida sejam coerentes.<\/p>\n<p>Concedei-me, Verdade das verdades,<br \/>intelig\u00eancia para conhecer-Vos,<br \/>dilig\u00eancia para Vos procurar,<br \/>sabedoria para Vos encontrar,<br \/>uma boa conduta para Vos agradar,<br \/>confian\u00e7a para esperar em V\u00f3s,<br \/>const\u00e2ncia para fazer a Vossa vontade.<\/p>\n<p>Orientai, meu Deus, a minha vida;<br \/>concedei-me saber o que me pedis<br \/>e ajudai-me a realiz\u00e1-lo<br \/>para o meu pr\u00f3prio bem<br \/>e de todos os meus irm\u00e3os.<\/p>\n<p>Am\u00e9m.<\/p>\n<p style=\"text-align: justify;\">\u00a0<\/p>\n<p style=\"text-align: justify;\">Fonte: Aleteia<\/p>\n","protected":false},"excerpt":{"rendered":"<p>Uma das mentes mais brilhantes da hist\u00f3ria do cristianismo nos ensina a pedir a Deus a gra\u00e7a de aprender Tom\u00e1s de Aquino \u00e9 um dos santos mais admirados de toda a hist\u00f3ria do cristianismo, dentro e fora da Igreja, n\u00e3o apenas pela santidade, mas tamb\u00e9m pelo dom de uma intelig\u00eancia aguda e luminosa, capaz de [&hellip;]<\/p>\n","protected":false},"author":1,"featured_media":17019,"comment_status":"open","ping_status":"open","sticky":false,"template":"","format":"standard","meta":{"footnotes":""},"categories":[4],"tags":[],"class_list":["post-17020","post","type-post","status-publish","format-standard","has-post-thumbnail","hentry","category-cotidiano"],"_links":{"self":[{"href":"https:\/\/catolicanet.net\/wp-cnet\/wp-json\/wp\/v2\/posts\/17020","targetHints":{"allow":["GET"]}}],"collection":[{"href":"https:\/\/catolicanet.net\/wp-cnet\/wp-json\/wp\/v2\/posts"}],"about":[{"href":"https:\/\/catolicanet.net\/wp-cnet\/wp-json\/wp\/v2\/types\/post"}],"author":[{"embeddable":true,"href":"https:\/\/catolicanet.net\/wp-cnet\/wp-json\/wp\/v2\/users\/1"}],"replies":[{"embeddable":true,"href":"https:\/\/catolicanet.net\/wp-cnet\/wp-json\/wp\/v2\/comments?post=17020"}],"version-history":[{"count":1,"href":"https:\/\/catolicanet.net\/wp-cnet\/wp-json\/wp\/v2\/posts\/17020\/revisions"}],"predecessor-version":[{"id":25424,"href":"https:\/\/catolicanet.net\/wp-cnet\/wp-json\/wp\/v2\/posts\/17020\/revisions\/25424"}],"wp:featuredmedia":[{"embeddable":true,"href":"https:\/\/catolicanet.net\/wp-cnet\/wp-json\/wp\/v2\/media\/17019"}],"wp:attachment":[{"href":"https:\/\/catolicanet.net\/wp-cnet\/wp-json\/wp\/v2\/media?parent=17020"}],"wp:term":[{"taxonomy":"category","embeddable":true,"href":"https:\/\/catolicanet.net\/wp-cnet\/wp-json\/wp\/v2\/categories?post=17020"},{"taxonomy":"post_tag","embeddable":true,"href":"https:\/\/catolicanet.net\/wp-cnet\/wp-json\/wp\/v2\/tags?post=17020"}],"curies":[{"name":"wp","href":"https:\/\/api.w.org\/{rel}","templated":true}]}}