{"id":17014,"date":"2016-08-11T14:58:28","date_gmt":"2016-08-11T17:58:28","guid":{"rendered":"http:\/\/catolicanet.net\/wp-cnet\/2016\/08\/11\/senador-gay-latino-promove-lei-contra-minorias-nos-estados-unidos\/"},"modified":"2017-05-31T09:46:59","modified_gmt":"2017-05-31T12:46:59","slug":"senador-gay-latino-promove-lei-contra-minorias-nos-estados-unidos","status":"publish","type":"post","link":"https:\/\/catolicanet.net\/wp-cnet\/senador-gay-latino-promove-lei-contra-minorias-nos-estados-unidos\/","title":{"rendered":"Senador gay latino promove lei contra minorias nos Estados Unidos"},"content":{"rendered":"<p style=\"text-align: justify;\"><img decoding=\"async\" src=\"http:\/\/www.catolicanet.com.br\/images\/stories\/noticias\/cmoibxuuoaakp-m.jpg\" border=\"0\" align=\"left\" \/>REDA\u00c7\u00c3O CENTRAL, (ACI).- Nesta semana, a assembleia do estado da Calif\u00f3rnia nos Estados Unidos vai votar um projeto de lei que, caso for aprovado, discriminaria gravemente as minorias formadas por \u201cnegros, latinos e muitas pessoas de baixa renda\u201d.<\/p>\n<p>O projeto SB 1146, chamado \u201cLei de Equidade no Ensino Superior\u201d, foi apresentado pelo senador democrata de origem hisp\u00e2nica e abertamente homossexual, Ricardo Lara, que promoveu tamb\u00e9m uma campanha para retirar do Capit\u00f3lio dos Estados Unidos a imagem de S\u00e3o Jun\u00edpero Serra, canonizado pelo Papa Francisco em Washington D.C., em setembro de 2015.<\/p>\n<p>Lara, que pertence a Calif\u00f3rnia Legislative LGBT Caucus, prop\u00f4s substituir a imagem de S\u00e3o Jun\u00edpero, considerado o Pai de Calif\u00f3rnia, pela da astronauta l\u00e9sbica Sally Ride.<\/p>\n<p>Nesta ocasi\u00e3o e com o projeto SB 1146, Ricardo Lara afirma que quer proteger os alunos homossexuais da discrimina\u00e7\u00e3o nos campus da Calif\u00f3rnia, mas a lei gera v\u00e1rios efeitos prejudiciais contra outras minorias como os afro-americanos e os hisp\u00e2nicos de baixa renda, porque poderia ocasionar o fechamento das universidades confessionais ou religiosas onde estudam, caso estas optem por n\u00e3o respeitar a norma.<\/p>\n<p>O projeto prop\u00f5e medidas como a seguinte: somente as institui\u00e7\u00f5es que proporcionem banheiros \u201cconsistentes com a identidade de g\u00eanero\u201d dos alunos ter\u00e3o a possibilidade de reservar dormit\u00f3rios ou banheiros separados para homens e mulheres.<\/p>\n<p>De acordo ao texto, estas universidades tamb\u00e9m poder\u00e3o separar dormit\u00f3rios para estudantes casados ou com filhos, apenas se estes incluem \u201ccasais do mesmo sexo\u201d.<\/p>\n<p>Nesta semana, o Arcebispo cat\u00f3lico de Los Angeles, Dom Jos\u00e9 G\u00f3mez, e o bispo Charles E. Blake, pastor da igreja de Deus do Oeste de Los Angeles e presidente da Igreja de Deus em Cristo, uma denomina\u00e7\u00e3o que tem 6 milh\u00f5es de membros, fizeram uma declara\u00e7\u00e3o conjunta recha\u00e7ando este projeto de lei que \u201climitaria a liberdade religiosa das institui\u00e7\u00f5es de estudos superiores e universidades confessionais da Calif\u00f3rnia\u201d.<\/p>\n<p>A declara\u00e7\u00e3o explica que o projeto de lei prev\u00ea que o governo \u201cestabele\u00e7a diretrizes a respeito de quais \u2018pr\u00e1ticas religiosas\u2019 e quais \u2018regras de comportamento moral\u2019 devem ser aceit\u00e1veis nestes estabelecimentos\u201d.<\/p>\n<p>Caso este projeto de lei seja aprovado, as institui\u00e7\u00f5es religiosas ou confessionais seriam obrigadas a escolher entre fazer concess\u00f5es que v\u00e3o contra suas cren\u00e7as ou correr\u00e3o o risco de uma grande quantidade de julgamentos para defender-se; inclusive a possibilidade de que n\u00e3o existam mais depois do fechamento das mesmas.<\/p>\n<p>\u201cOs que realmente seriam mais castigados por este projeto de lei s\u00e3o as comunidades de baixa renda e de minorias da Calif\u00f3rnia, que incluem milh\u00f5es de negros e latinos atendidos por nossas respectivas comunidades de f\u00e9 aqui em Los Angeles\u201d, explicam.<\/p>\n<p>As institui\u00e7\u00f5es crist\u00e3s de estudos superiores particulares e sem fins lucrativos da Calif\u00f3rnia, prosseguem, \u201catendem diversos alunos: aproximadamente 60 por cento de seus estudantes pertencem a minorias e cerca de 90 por cento precisa de ajuda financeira\u201d.<\/p>\n<p>Para Montserrat Alvarado, do Fundo Becket para a Liberdade Religiosa, \u201ca SB 1146 representa a pior parte da pol\u00edtica\u201d.<\/p>\n<p>\u201cQualquer que seja o giro pol\u00edtico, na verdade a SB 1146 afeta diretamente os estudantes mais vulner\u00e1veis da Calif\u00f3rnia \u2013 os quais s\u00e3o os primeiros a entrar na universidade em suas fam\u00edlias \u2013 e custar\u00e1 centenas de milh\u00f5es de d\u00f3lares aos contribuintes da Calif\u00f3rnia\u201d, afirmou Alvarado.<\/p>\n<p>Dom G\u00f3mez e o pastor Blake tamb\u00e9m sugerem uma alternativa a SB 1146 a fim de proteger os interesses dos estudantes homossexuais, l\u00e9sbicas e \u201ctransexuais\u201d.<\/p>\n<p>Uma solu\u00e7\u00e3o, indicam, \u201cque n\u00e3o implica que o governo coloque em perigo o acesso \u00e0 educa\u00e7\u00e3o das popula\u00e7\u00f5es pobres e pertencentes \u00e0s minorias do estado, nem que se intrometa no funcionamento dentro das escolas religiosas\u201d.<\/p>\n<p>A resposta, afirmam, \u201c\u00e9 simplesmente requerer que estas escolas afirmem claramente \u2013 em suas p\u00e1ginas e em seus materiais escritos \u2013 no que acreditam, quais adapta\u00e7\u00f5es t\u00eam a inten\u00e7\u00e3o de proporcionar aos estudantes e o que esperam dos estudantes em rela\u00e7\u00e3o \u00e0 pr\u00e1tica religiosa e ao comportamento pessoal\u201d.<\/p>\n<p>\u201cA maioria das institui\u00e7\u00f5es de estudos superiores e universidades confessionais j\u00e1 est\u00e3o fazendo isso\u201d, precisam.<\/p>\n<p>Para concluir, o Arcebispo de Los Angeles e o pastor insistem \u201cao senador Lara e aos legisladores da Calif\u00f3rnia que modifiquem o projeto de lei SB 1146 a fim de proteger a liberdade e integridade das institui\u00e7\u00f5es de educa\u00e7\u00e3o superior cimentadas em sua f\u00e9 e que preserve a liberdade dos estudantes pobres e pertencentes \u00e0s minorias da Calif\u00f3rnia para que possam frequentar a universidade que eles quiserem, independentemente de suas cren\u00e7as religiosas\u201d.<\/p>\n<p>A SB 1146 est\u00e1 programada para ser votada em um comit\u00ea na quinta-feira, 11 de agosto. Poderia receber o voto da legislatura no pr\u00f3ximo dia 19. Caso for aprovada, o governador tem at\u00e9 o final do m\u00eas de setembro para decidir se ser\u00e1 vetada ou n\u00e3o.<\/p>\n<p style=\"text-align: justify;\">\u00a0<\/p>\n<p style=\"text-align: justify;\">Fonte: Acidigital<\/p>\n","protected":false},"excerpt":{"rendered":"<p>REDA\u00c7\u00c3O CENTRAL, (ACI).- Nesta semana, a assembleia do estado da Calif\u00f3rnia nos Estados Unidos vai votar um projeto de lei que, caso for aprovado, discriminaria gravemente as minorias formadas por \u201cnegros, latinos e muitas pessoas de baixa renda\u201d. O projeto SB 1146, chamado \u201cLei de Equidade no Ensino Superior\u201d, foi apresentado pelo senador democrata de [&hellip;]<\/p>\n","protected":false},"author":1,"featured_media":17013,"comment_status":"open","ping_status":"open","sticky":false,"template":"","format":"standard","meta":{"footnotes":""},"categories":[4],"tags":[],"class_list":["post-17014","post","type-post","status-publish","format-standard","has-post-thumbnail","hentry","category-cotidiano"],"_links":{"self":[{"href":"https:\/\/catolicanet.net\/wp-cnet\/wp-json\/wp\/v2\/posts\/17014","targetHints":{"allow":["GET"]}}],"collection":[{"href":"https:\/\/catolicanet.net\/wp-cnet\/wp-json\/wp\/v2\/posts"}],"about":[{"href":"https:\/\/catolicanet.net\/wp-cnet\/wp-json\/wp\/v2\/types\/post"}],"author":[{"embeddable":true,"href":"https:\/\/catolicanet.net\/wp-cnet\/wp-json\/wp\/v2\/users\/1"}],"replies":[{"embeddable":true,"href":"https:\/\/catolicanet.net\/wp-cnet\/wp-json\/wp\/v2\/comments?post=17014"}],"version-history":[{"count":1,"href":"https:\/\/catolicanet.net\/wp-cnet\/wp-json\/wp\/v2\/posts\/17014\/revisions"}],"predecessor-version":[{"id":25426,"href":"https:\/\/catolicanet.net\/wp-cnet\/wp-json\/wp\/v2\/posts\/17014\/revisions\/25426"}],"wp:featuredmedia":[{"embeddable":true,"href":"https:\/\/catolicanet.net\/wp-cnet\/wp-json\/wp\/v2\/media\/17013"}],"wp:attachment":[{"href":"https:\/\/catolicanet.net\/wp-cnet\/wp-json\/wp\/v2\/media?parent=17014"}],"wp:term":[{"taxonomy":"category","embeddable":true,"href":"https:\/\/catolicanet.net\/wp-cnet\/wp-json\/wp\/v2\/categories?post=17014"},{"taxonomy":"post_tag","embeddable":true,"href":"https:\/\/catolicanet.net\/wp-cnet\/wp-json\/wp\/v2\/tags?post=17014"}],"curies":[{"name":"wp","href":"https:\/\/api.w.org\/{rel}","templated":true}]}}