{"id":17010,"date":"2016-08-11T14:36:51","date_gmt":"2016-08-11T17:36:51","guid":{"rendered":"http:\/\/catolicanet.net\/wp-cnet\/2016\/08\/11\/70-templos-de-pe-obermaier-serao-patrimonio-da-bolivia\/"},"modified":"2017-06-02T09:29:23","modified_gmt":"2017-06-02T12:29:23","slug":"70-templos-de-pe-obermaier-serao-patrimonio-da-bolivia","status":"publish","type":"post","link":"https:\/\/catolicanet.net\/wp-cnet\/70-templos-de-pe-obermaier-serao-patrimonio-da-bolivia\/","title":{"rendered":"70 templos de Pe. Obermaier ser\u00e3o Patrim\u00f4nio da Bol\u00edvia"},"content":{"rendered":"<p style=\"text-align: justify;\"><img decoding=\"async\" src=\"http:\/\/www.catolicanet.com.br\/images\/stories\/padres\/rv18318_articolo.jpg\" border=\"0\" align=\"left\" \/>La Paz (RV) \u2013 Oito dias ap\u00f3s a morte do Padre Obermaier, o Conselho Municipal de El Alto, Bol\u00edvia, anunciou o reconhecimento dos templos constru\u00eddos pelo sacerdote alem\u00e3o. A declara\u00e7\u00e3o como Patrim\u00f4nio, representa maior prote\u00e7\u00e3o aos projetos.<\/p>\n<p>O sacerdote faleceu em 2 de agosto, aos 81 anos. Durante os 38 anos que viveu em El Alto, construiu 71 igrejas na cidade, 59 santu\u00e1rios nas plan\u00edcies do Altiplano, salas e casas para a popula\u00e7\u00e3o de baixa renda.<\/p>\n<p>Autodidata<\/p>\n<p>\u201cN\u00e3o era arquiteto, por\u00e9m se havia alguma necessidade, ele mesmo se munia de informa\u00e7\u00f5es e come\u00e7ava a planejar, era um autodidata\u201d, observa o Vig\u00e1rio da Par\u00f3quia Cuerpo de Cristo, Pavel Padilla. <\/p>\n<p>\u201cO modelo de constru\u00e7\u00e3o que\u00a0 ele tinha \u2013 explicou &#8211; era similar \u00e0 arquitetura de seu povo natal em Munique, na Alemanha. Tamb\u00e9m as cores alegres dos templos: verde e alaranjado\u201d.<\/p>\n<p>O sacerdote colaborava com o Padre Obermaier em oficiar as eucaristias nos templos mais distantes. Ele comenta que Padre Sebasti\u00e1n trabalhava em seus projetos de forma reservada e j\u00e1 havia apresentado ao Governo outros projetos arquitet\u00f4nicos.<\/p>\n<p>\u201cTamb\u00e9m tinha projetos para descentralizar todos os Minist\u00e9rio de um s\u00f3 lugar. Havia inclusive feito uma maquete que foi apresentada ao Vice-Presidente\u201d, afirma Padre Padilla, que tamb\u00e9m contou que no passado alguns vizinhos tentaram expropriar terrenos do Padre Obermaier.<\/p>\n<p>Projeto para preservar constru\u00e7\u00f5es<\/p>\n<p>Em fevereiro passado, o sacerdote havia apresentado um projeto detalhado \u00e0 Assembleia Legislativa Plurianual, para que as 70 igrejas por ele constru\u00eddas fossem declaradas Patrim\u00f4nio Cultural e Tur\u00edstico.<\/p>\n<p>A proposta do sacerdote ficou registrada em um extenso documento, com fotografias e argumenta\u00e7\u00f5es, encontrado na casa onde vivia na Villa Adela.<\/p>\n<p>Vision\u00e1rio<\/p>\n<p>\u201cSabendo que as casas humildes de planta baixa dar\u00e3o lugar no futuro \u00e0 edifica\u00e7\u00f5es de muitos andares, constru\u00ed torres muito altas; para que tamb\u00e9m 100 anos depois as torres deem a sua mensagem: Deus vive entre n\u00f3s\u201d, escreve Obermaier em sue projeto.<\/p>\n<p>No documento, de mais de 70 p\u00e1ginas, o sacerdote explica que se as igrejas est\u00e3o muito longe dos fieis, a frequ\u00eancia \u00e0s missas ser\u00e3o menor. Ao contr\u00e1rio, se cada regi\u00e3o tem o seu templo, este ser\u00e1 um lugar de reuni\u00e3o familiar para viver os Sacramentos.<\/p>\n<p>Atra\u00e7\u00e3o tur\u00edstica<\/p>\n<p>\u201cAt\u00e9 hoje, El Alto n\u00e3o tem constru\u00e7\u00f5es que motivem os turistas internacionais e nacionais a sa\u00edrem de La Paz para visitar a nossa nova cidade. Os diferentes templos poderiam motivar as empresas tur\u00edsticas de permanecerem ao menos meio dia na cidade\u201d, argumenta o sacerdote.<br \/>\u201cReconhecer o trabalho espiritual e social do Padre Obermaier n\u00e3o mereceria nenhum tipo de restri\u00e7\u00e3o por parte das autoridades municipais, departamentais e nacionais. \u00c9 um tr\u00e2mite que deve ser feito para que as capelas e templos sejam declarados Patrim\u00f4nios. N\u00f3s, como legislativo municipal, apoiamos esta iniciativa\u201d, disse o Presidente do Conselho de El Alto, \u00c9dgar Calder\u00f3n.<\/p>\n<p style=\"text-align: justify;\">\u00a0<\/p>\n<p style=\"text-align: justify;\">Fonte: R\u00e1dio Vaticano<\/p>\n","protected":false},"excerpt":{"rendered":"<p>La Paz (RV) \u2013 Oito dias ap\u00f3s a morte do Padre Obermaier, o Conselho Municipal de El Alto, Bol\u00edvia, anunciou o reconhecimento dos templos constru\u00eddos pelo sacerdote alem\u00e3o. A declara\u00e7\u00e3o como Patrim\u00f4nio, representa maior prote\u00e7\u00e3o aos projetos. O sacerdote faleceu em 2 de agosto, aos 81 anos. Durante os 38 anos que viveu em El [&hellip;]<\/p>\n","protected":false},"author":1,"featured_media":17009,"comment_status":"open","ping_status":"open","sticky":false,"template":"","format":"standard","meta":{"footnotes":""},"categories":[3],"tags":[],"class_list":["post-17010","post","type-post","status-publish","format-standard","has-post-thumbnail","hentry","category-vaticano"],"_links":{"self":[{"href":"https:\/\/catolicanet.net\/wp-cnet\/wp-json\/wp\/v2\/posts\/17010","targetHints":{"allow":["GET"]}}],"collection":[{"href":"https:\/\/catolicanet.net\/wp-cnet\/wp-json\/wp\/v2\/posts"}],"about":[{"href":"https:\/\/catolicanet.net\/wp-cnet\/wp-json\/wp\/v2\/types\/post"}],"author":[{"embeddable":true,"href":"https:\/\/catolicanet.net\/wp-cnet\/wp-json\/wp\/v2\/users\/1"}],"replies":[{"embeddable":true,"href":"https:\/\/catolicanet.net\/wp-cnet\/wp-json\/wp\/v2\/comments?post=17010"}],"version-history":[{"count":1,"href":"https:\/\/catolicanet.net\/wp-cnet\/wp-json\/wp\/v2\/posts\/17010\/revisions"}],"predecessor-version":[{"id":27604,"href":"https:\/\/catolicanet.net\/wp-cnet\/wp-json\/wp\/v2\/posts\/17010\/revisions\/27604"}],"wp:featuredmedia":[{"embeddable":true,"href":"https:\/\/catolicanet.net\/wp-cnet\/wp-json\/wp\/v2\/media\/17009"}],"wp:attachment":[{"href":"https:\/\/catolicanet.net\/wp-cnet\/wp-json\/wp\/v2\/media?parent=17010"}],"wp:term":[{"taxonomy":"category","embeddable":true,"href":"https:\/\/catolicanet.net\/wp-cnet\/wp-json\/wp\/v2\/categories?post=17010"},{"taxonomy":"post_tag","embeddable":true,"href":"https:\/\/catolicanet.net\/wp-cnet\/wp-json\/wp\/v2\/tags?post=17010"}],"curies":[{"name":"wp","href":"https:\/\/api.w.org\/{rel}","templated":true}]}}