{"id":17008,"date":"2016-08-11T14:22:25","date_gmt":"2016-08-11T17:22:25","guid":{"rendered":"http:\/\/catolicanet.net\/wp-cnet\/2016\/08\/11\/medalha-comemora-o-iv-ano-de-pontificado-de-francisco\/"},"modified":"2017-06-02T11:12:33","modified_gmt":"2017-06-02T14:12:33","slug":"medalha-comemora-o-iv-ano-de-pontificado-de-francisco","status":"publish","type":"post","link":"https:\/\/catolicanet.net\/wp-cnet\/medalha-comemora-o-iv-ano-de-pontificado-de-francisco\/","title":{"rendered":"Medalha comemora o IV ano de Pontificado de Francisco"},"content":{"rendered":"<p style=\"text-align: justify;\"><img decoding=\"async\" src=\"http:\/\/www.catolicanet.com.br\/images\/stories\/noticias\/rv18323_articolo.jpg\" border=\"0\" align=\"left\" \/>Cidade do Vaticano (RV) \u2013 Est\u00e1 \u00e0 venda desde quarta-feira (10\/08) a medalha oficial do quarto ano de Pontificado do Papa Francisco.<\/p>\n<p style=\"text-align: justify;\"><a href=\"http:\/\/media02.radiovaticana.va\/audio\/audio2\/mp3\/00543413.mp3\">Clique aqui para ouvir.<\/a><\/p>\n<p style=\"text-align: justify;\">A obra apresenta de um lado o bras\u00e3o do Pont\u00edfice e do outro, um abra\u00e7o \u2013 s\u00edmbolo do perd\u00e3o, da alegria e da acolhida rec\u00edproca, com a frase em latim &#8216;Beati misericordes quia ipsi misericordiam consequentur&#8217;, (Bem-aventurados os misericordiosos porque alcan\u00e7ar\u00e3o miseric\u00f3rdia), do Evangelho de Mateus.<\/p>\n<p>A escrita DMI MMXVI (Diei Mundialis Juventutis) se refere \u00e0 31\u00aa Jornada Mundial da Juventude, realizada em Crac\u00f3via de 26 a 31 de julho, da qual o trecho evang\u00e9lico foi o tema. <\/p>\n<p>A autora da medalha \u00e9 Carmen Testa, nascida em 1985 em Campobasso, na It\u00e1lia, e formada em Belas Artes em Roma. <\/p>\n<p>A medalha pode ser comprada na sedes da Apsa, Administra\u00e7\u00e3o do Patrim\u00f4nio da Sede Apost\u00f3lica, e no Escrit\u00f3rio Filat\u00e9lico, na Cidade do Vaticano. Em Roma, est\u00e1 dispon\u00edvel nas lojas da Livraria Editora Vaticana.<\/p>\n<p style=\"text-align: justify;\">\u00a0<\/p>\n<p style=\"text-align: justify;\">Fonte: R\u00e1dio Vaticano<\/p>\n","protected":false},"excerpt":{"rendered":"<p>Cidade do Vaticano (RV) \u2013 Est\u00e1 \u00e0 venda desde quarta-feira (10\/08) a medalha oficial do quarto ano de Pontificado do Papa Francisco. Clique aqui para ouvir. A obra apresenta de um lado o bras\u00e3o do Pont\u00edfice e do outro, um abra\u00e7o \u2013 s\u00edmbolo do perd\u00e3o, da alegria e da acolhida rec\u00edproca, com a frase em [&hellip;]<\/p>\n","protected":false},"author":1,"featured_media":17007,"comment_status":"open","ping_status":"open","sticky":false,"template":"","format":"standard","meta":{"footnotes":""},"categories":[3],"tags":[],"class_list":["post-17008","post","type-post","status-publish","format-standard","has-post-thumbnail","hentry","category-vaticano"],"_links":{"self":[{"href":"https:\/\/catolicanet.net\/wp-cnet\/wp-json\/wp\/v2\/posts\/17008","targetHints":{"allow":["GET"]}}],"collection":[{"href":"https:\/\/catolicanet.net\/wp-cnet\/wp-json\/wp\/v2\/posts"}],"about":[{"href":"https:\/\/catolicanet.net\/wp-cnet\/wp-json\/wp\/v2\/types\/post"}],"author":[{"embeddable":true,"href":"https:\/\/catolicanet.net\/wp-cnet\/wp-json\/wp\/v2\/users\/1"}],"replies":[{"embeddable":true,"href":"https:\/\/catolicanet.net\/wp-cnet\/wp-json\/wp\/v2\/comments?post=17008"}],"version-history":[{"count":1,"href":"https:\/\/catolicanet.net\/wp-cnet\/wp-json\/wp\/v2\/posts\/17008\/revisions"}],"predecessor-version":[{"id":28120,"href":"https:\/\/catolicanet.net\/wp-cnet\/wp-json\/wp\/v2\/posts\/17008\/revisions\/28120"}],"wp:featuredmedia":[{"embeddable":true,"href":"https:\/\/catolicanet.net\/wp-cnet\/wp-json\/wp\/v2\/media\/17007"}],"wp:attachment":[{"href":"https:\/\/catolicanet.net\/wp-cnet\/wp-json\/wp\/v2\/media?parent=17008"}],"wp:term":[{"taxonomy":"category","embeddable":true,"href":"https:\/\/catolicanet.net\/wp-cnet\/wp-json\/wp\/v2\/categories?post=17008"},{"taxonomy":"post_tag","embeddable":true,"href":"https:\/\/catolicanet.net\/wp-cnet\/wp-json\/wp\/v2\/tags?post=17008"}],"curies":[{"name":"wp","href":"https:\/\/api.w.org\/{rel}","templated":true}]}}