{"id":17004,"date":"2016-08-11T14:13:49","date_gmt":"2016-08-11T17:13:49","guid":{"rendered":"http:\/\/catolicanet.net\/wp-cnet\/2016\/08\/11\/ja-sao-11-as-igrejas-catolicas-queimadas-no-sul-do-chile\/"},"modified":"2017-05-31T09:47:00","modified_gmt":"2017-05-31T12:47:00","slug":"ja-sao-11-as-igrejas-catolicas-queimadas-no-sul-do-chile","status":"publish","type":"post","link":"https:\/\/catolicanet.net\/wp-cnet\/ja-sao-11-as-igrejas-catolicas-queimadas-no-sul-do-chile\/","title":{"rendered":"J\u00e1 s\u00e3o 11 as igrejas cat\u00f3licas queimadas no sul do Chile"},"content":{"rendered":"<p style=\"text-align: justify;\"><img decoding=\"async\" src=\"http:\/\/www.catolicanet.com.br\/images\/stories\/noticias\/capillasanandresloca.jpg\" border=\"0\" align=\"left\" \/>A capela Santo Andr\u00e9 localizada em Collipulli, a 580 quil\u00f4metros de Santiago (Chile), foi o novo local de um inc\u00eandio perpetrado por desconhecidos na madrugada da ter\u00e7a-feira, 9 de agosto.<\/p>\n<p>Durante este ano, foram incendiados onze templos cat\u00f3licos e um semin\u00e1rio, apesar da cria\u00e7\u00e3o da mesa de di\u00e1logo da Araucania, que tem como objetivo procurar solu\u00e7\u00f5es para o conflito mapuche e da qual o Bispo de Temuco, Dom H\u00e9ctor Vargas, foi escolhido como facilitador.<\/p>\n<p>O inc\u00eandio come\u00e7ou por volta das 4h (hora local) e atingiu toda a capela de madeira pertencente \u00e0 Par\u00f3quia S\u00e3o Lu\u00eds Gonzaga.<\/p>\n<p>No local foi encontrada uma mensagem que dizia \u201cresist\u00eancia mapuche Malleco recha\u00e7a a mesa de di\u00e1logo\u201d. A pol\u00edcia come\u00e7ou imediatamente a investiga\u00e7\u00e3o dos fatos.<\/p>\n<p>O Pe. Gast\u00f3n Parada, respons\u00e1vel pela capela, exortou a comunidade a \u201ccontinuar mantendo com mais for\u00e7a a sua f\u00e9 e ajudar a ser construtores da paz\u201d, assinala uma nota de Comunica\u00e7\u00f5es da Diocese de Temuco.<\/p>\n<p>Na terceira reuni\u00e3o da mesa de di\u00e1logo realizada na quinta-feira, 4 de agosto, Dom Vargas foi consultado a respeito deste tipo de acontecimentos violentos e insistiu que o \u201cdi\u00e1logo \u00e9 a maneira\u201d de resolver o conflito.<\/p>\n<p>Devem \u201creunir-se na mesa e chegar a um acordo\u201d, pois atentam \u201ca f\u00e9 dos mais pobres e indefesos. Eu n\u00e3o sei se isso pode favorecer alguma causa, quando as v\u00edtimas aqui s\u00e3o os pobres n\u00e3o h\u00e1 argumenta\u00e7\u00e3o\u201d, expressou.<\/p>\n<p>Entre os temas que fazem parte das aspira\u00e7\u00f5es do povo mapuche est\u00e3o a representa\u00e7\u00e3o no parlamento, a compensa\u00e7\u00e3o de terras, o reconhecimento como povo origin\u00e1rio e a interculturalidade, causas que fizeram com que os grupos radicais procurassem solu\u00e7\u00f5es por meio da viol\u00eancia extrema.<\/p>\n<p style=\"text-align: justify;\">\u00a0<\/p>\n<p style=\"text-align: justify;\">Fonte: Acidigital<\/p>\n","protected":false},"excerpt":{"rendered":"<p>A capela Santo Andr\u00e9 localizada em Collipulli, a 580 quil\u00f4metros de Santiago (Chile), foi o novo local de um inc\u00eandio perpetrado por desconhecidos na madrugada da ter\u00e7a-feira, 9 de agosto. Durante este ano, foram incendiados onze templos cat\u00f3licos e um semin\u00e1rio, apesar da cria\u00e7\u00e3o da mesa de di\u00e1logo da Araucania, que tem como objetivo procurar [&hellip;]<\/p>\n","protected":false},"author":1,"featured_media":17003,"comment_status":"open","ping_status":"open","sticky":false,"template":"","format":"standard","meta":{"footnotes":""},"categories":[4],"tags":[],"class_list":["post-17004","post","type-post","status-publish","format-standard","has-post-thumbnail","hentry","category-cotidiano"],"_links":{"self":[{"href":"https:\/\/catolicanet.net\/wp-cnet\/wp-json\/wp\/v2\/posts\/17004","targetHints":{"allow":["GET"]}}],"collection":[{"href":"https:\/\/catolicanet.net\/wp-cnet\/wp-json\/wp\/v2\/posts"}],"about":[{"href":"https:\/\/catolicanet.net\/wp-cnet\/wp-json\/wp\/v2\/types\/post"}],"author":[{"embeddable":true,"href":"https:\/\/catolicanet.net\/wp-cnet\/wp-json\/wp\/v2\/users\/1"}],"replies":[{"embeddable":true,"href":"https:\/\/catolicanet.net\/wp-cnet\/wp-json\/wp\/v2\/comments?post=17004"}],"version-history":[{"count":1,"href":"https:\/\/catolicanet.net\/wp-cnet\/wp-json\/wp\/v2\/posts\/17004\/revisions"}],"predecessor-version":[{"id":25428,"href":"https:\/\/catolicanet.net\/wp-cnet\/wp-json\/wp\/v2\/posts\/17004\/revisions\/25428"}],"wp:featuredmedia":[{"embeddable":true,"href":"https:\/\/catolicanet.net\/wp-cnet\/wp-json\/wp\/v2\/media\/17003"}],"wp:attachment":[{"href":"https:\/\/catolicanet.net\/wp-cnet\/wp-json\/wp\/v2\/media?parent=17004"}],"wp:term":[{"taxonomy":"category","embeddable":true,"href":"https:\/\/catolicanet.net\/wp-cnet\/wp-json\/wp\/v2\/categories?post=17004"},{"taxonomy":"post_tag","embeddable":true,"href":"https:\/\/catolicanet.net\/wp-cnet\/wp-json\/wp\/v2\/tags?post=17004"}],"curies":[{"name":"wp","href":"https:\/\/api.w.org\/{rel}","templated":true}]}}