{"id":17002,"date":"2016-08-11T14:09:34","date_gmt":"2016-08-11T17:09:34","guid":{"rendered":"http:\/\/catolicanet.net\/wp-cnet\/2016\/08\/11\/casal-olimpico-e-catolico-do-brasil-da-testemunho-de-familia-e-fe-em-deus\/"},"modified":"2017-05-31T09:47:00","modified_gmt":"2017-05-31T12:47:00","slug":"casal-olimpico-e-catolico-do-brasil-da-testemunho-de-familia-e-fe-em-deus","status":"publish","type":"post","link":"https:\/\/catolicanet.net\/wp-cnet\/casal-olimpico-e-catolico-do-brasil-da-testemunho-de-familia-e-fe-em-deus\/","title":{"rendered":"Casal ol\u00edmpico e cat\u00f3lico do Brasil d\u00e1 testemunho de fam\u00edlia e f\u00e9 em Deus"},"content":{"rendered":"<p style=\"text-align: justify;\"><img decoding=\"async\" src=\"http:\/\/www.catolicanet.com.br\/images\/stories\/noticias\/juliana_e_marilson_dos_santos.jpg\" border=\"0\" align=\"left\" \/>RIO DE JANEIRO, 11 Ago. 16 \/ 07:00 am (ACI).- Mar\u00edlson dos Santos e Juliana dos Santos s\u00e3o um casal de atletas brasileiros, cat\u00f3licos e que pela segunda vez disputam uma grande competi\u00e7\u00e3o no pr\u00f3prio pa\u00eds. Em 2007, ambos foram medalhistas nos Jogos Pan-Americanos, no Rio de Janeiro, agora, voltam a competir na Olimp\u00edada Rio2016.<\/p>\n<p>J\u00e1 em 2007, o casal demonstrou que sua afinidade vai muito al\u00e9m do atletismo e se completam como esposos que torcem um pelo outro e que confiam em Deus. Naquela \u00e9poca, Mar\u00edlson conquistou a prata nos 10.000 metros pouco antes de Juliana entrar na pista e conquistar o ouro nos 1.500 metros.<\/p>\n<p>\u201cPedi a Deus para que, se pud\u00e9ssemos ganhar uma medalha de ouro, fosse para ela\u201d, declarou o esportista na ocasi\u00e3o.<\/p>\n<p>A esposa, por sua vez, retribuiu ao afirmar: \u201cEssa medalha \u00e9 do Mar\u00edlson tamb\u00e9m. Ele tem sido fundamental para mim; me passou confian\u00e7a, determina\u00e7\u00e3o. \u00c9 ele que controla a minha parte emocional. Depois de ver a prova dele, como ele perdeu por t\u00e3o pouco o ouro depois de batalhar o tempo todo, entrei pensando que n\u00e3o podia sair da pista sem o ouro, por n\u00f3s dois\u201d.<\/p>\n<p>A conquista do Pan de 2007 foi a primeira ocasi\u00e3o em que Juliana mostrou ao mundo tamb\u00e9m a sua devo\u00e7\u00e3o \u00e0 Virgem, ao subir no p\u00f3dio carregando um ter\u00e7o. Esse gesto se repetiu no ano passado, quando a atleta ganhou nos 5.000 metros nos Jogos Pan-Americanos no Canad\u00e1.<\/p>\n<p>\u201cA minha vit\u00f3ria vem da gra\u00e7a de Deus e da minha entrega ao Senhor\u201d, disse Juliana \u00e0 ACI Digital na \u00e9poca, acrescentando que \u201cDeus est\u00e1 no meio de n\u00f3s. \u00c9 dif\u00edcil dizer que vamos expor nossa f\u00e9, erguer o ter\u00e7o. Mas, n\u00e3o podemos ter medo. \u00c9 Ele quem nos d\u00e1 a vit\u00f3ria\u201d.<\/p>\n<p>Juliana e Mar\u00edlson s\u00e3o pais do pequeno Miguel, hoje com cinco anos. Ap\u00f3s a conquista de 2015, a esportista deixou claro que n\u00e3o \u00e9 f\u00e1cil \u201cser m\u00e3e e voltar a ser atleta nesse n\u00edvel\u201d, mas ressaltou que ela e o marido querem acompanhar o filho. \u201cFalamos que vamos ser bons atletas, mas que vamos ser bons pais tamb\u00e9m\u201d, declarou.<\/p>\n<p>Ao Grupo ACI, Juliana admitiu: \u201cSe estou aqui hoje, \u00e9 porque Deus permitiu. Vou continuar se Ele permitir, se n\u00e3o, serei apenas m\u00e3e\u201d.<\/p>\n<p>Esse testemunho de fam\u00edlia, amor a Deus e devo\u00e7\u00e3o mariana s\u00e3o tamb\u00e9m expressos atrav\u00e9s das redes sociais, onde a atleta costuma postar agradecimentos aos Senhor por suas conquistas, por seu marido e filho.<\/p>\n<p>Em uma das postagens mais recentes, em 6 de agosto, ela comemorou o anivers\u00e1rio de Mar\u00edlson escrevendo que s\u00f3 tem que \u201cagradecer a Deus pela sua vida e por tudo o que tem feito por n\u00f3s\u201d.<\/p>\n<p>J\u00e1 em outra publica\u00e7\u00e3o, ao agradecer a Deus pela vit\u00f3ria nos 3.000 metros no evento teste da Rio 2016, em maio, a atleta postou n\u00e3o s\u00f3 fotos da competi\u00e7\u00e3o e do est\u00e1dio, mas tamb\u00e9m uma imagem de um espa\u00e7o preparado especialmente para Nossa Senhora, com uma estampa da Virgem, a B\u00edblia, seu ter\u00e7o e a medalha.<\/p>\n<p>Na Olimp\u00edada Rio2016, Juliana competir\u00e1 nos 3.000 metros com obst\u00e1culos, no dia 13 de agosto, e Mar\u00edlson disputar\u00e1 a maratona no dia 21 de agosto.<\/p>\n<p style=\"text-align: justify;\">\u00a0<\/p>\n<p style=\"text-align: justify;\">Fonte: Acidigital<\/p>\n","protected":false},"excerpt":{"rendered":"<p>RIO DE JANEIRO, 11 Ago. 16 \/ 07:00 am (ACI).- Mar\u00edlson dos Santos e Juliana dos Santos s\u00e3o um casal de atletas brasileiros, cat\u00f3licos e que pela segunda vez disputam uma grande competi\u00e7\u00e3o no pr\u00f3prio pa\u00eds. Em 2007, ambos foram medalhistas nos Jogos Pan-Americanos, no Rio de Janeiro, agora, voltam a competir na Olimp\u00edada Rio2016. [&hellip;]<\/p>\n","protected":false},"author":1,"featured_media":17001,"comment_status":"open","ping_status":"open","sticky":false,"template":"","format":"standard","meta":{"footnotes":""},"categories":[4],"tags":[],"class_list":["post-17002","post","type-post","status-publish","format-standard","has-post-thumbnail","hentry","category-cotidiano"],"_links":{"self":[{"href":"https:\/\/catolicanet.net\/wp-cnet\/wp-json\/wp\/v2\/posts\/17002","targetHints":{"allow":["GET"]}}],"collection":[{"href":"https:\/\/catolicanet.net\/wp-cnet\/wp-json\/wp\/v2\/posts"}],"about":[{"href":"https:\/\/catolicanet.net\/wp-cnet\/wp-json\/wp\/v2\/types\/post"}],"author":[{"embeddable":true,"href":"https:\/\/catolicanet.net\/wp-cnet\/wp-json\/wp\/v2\/users\/1"}],"replies":[{"embeddable":true,"href":"https:\/\/catolicanet.net\/wp-cnet\/wp-json\/wp\/v2\/comments?post=17002"}],"version-history":[{"count":1,"href":"https:\/\/catolicanet.net\/wp-cnet\/wp-json\/wp\/v2\/posts\/17002\/revisions"}],"predecessor-version":[{"id":25429,"href":"https:\/\/catolicanet.net\/wp-cnet\/wp-json\/wp\/v2\/posts\/17002\/revisions\/25429"}],"wp:featuredmedia":[{"embeddable":true,"href":"https:\/\/catolicanet.net\/wp-cnet\/wp-json\/wp\/v2\/media\/17001"}],"wp:attachment":[{"href":"https:\/\/catolicanet.net\/wp-cnet\/wp-json\/wp\/v2\/media?parent=17002"}],"wp:term":[{"taxonomy":"category","embeddable":true,"href":"https:\/\/catolicanet.net\/wp-cnet\/wp-json\/wp\/v2\/categories?post=17002"},{"taxonomy":"post_tag","embeddable":true,"href":"https:\/\/catolicanet.net\/wp-cnet\/wp-json\/wp\/v2\/tags?post=17002"}],"curies":[{"name":"wp","href":"https:\/\/api.w.org\/{rel}","templated":true}]}}