{"id":17000,"date":"2016-08-11T14:04:47","date_gmt":"2016-08-11T17:04:47","guid":{"rendered":"http:\/\/catolicanet.net\/wp-cnet\/2016\/08\/11\/lider-muculmano-quer-que-italia-legalize-poligamia-como-fez-com-uniao-gay\/"},"modified":"2017-05-31T09:47:01","modified_gmt":"2017-05-31T12:47:01","slug":"lider-muculmano-quer-que-italia-legalize-poligamia-como-fez-com-uniao-gay","status":"publish","type":"post","link":"https:\/\/catolicanet.net\/wp-cnet\/lider-muculmano-quer-que-italia-legalize-poligamia-como-fez-com-uniao-gay\/","title":{"rendered":"L\u00edder mu\u00e7ulmano quer que It\u00e1lia legalize poligamia, como fez com uni\u00e3o gay"},"content":{"rendered":"<p style=\"text-align: justify;\"><img decoding=\"async\" src=\"http:\/\/www.catolicanet.com.br\/images\/stories\/noticias\/cmhf2niwgaa_kfs.jpg\" border=\"0\" align=\"left\" \/>ROMA,\u00a0 (ACI).- O fundador da Uni\u00e3o de comunidades isl\u00e2micas da It\u00e1lia, Hamza Roberto Piccardo, pediu \u00e0 It\u00e1lia que assim como reconheceu as uni\u00f5es homossexuais como um \u201cdireito civil\u201d, fa\u00e7a o mesmo com a poligamia, um comportamento aprovado pelo isl\u00e3.<\/p>\n<p>\u201cSe for somente uma quest\u00e3o de direitos civis, efetivamente, a poligamia \u00e9 um direito civil\u201d, foi a frase que usou Piccardo em sua conta de Facebook com uma foto onde aparece o prefeito de Mil\u00e3o, Giuseppe Sala, junto com um dos casais homossexuais unidos no civil em 5 de agosto.<\/p>\n<p>Ante algumas cr\u00edticas recebidas em seu post, o l\u00edder isl\u00e2mico disse: \u201cEu e milh\u00f5es de pessoas n\u00e3o compartilhamos as rela\u00e7\u00f5es homossexuais, entretanto, essa \u00e9 a lei e respeitamos os atores. As pessoas interessadas s\u00e3o uma minoria, como seriam os pol\u00edgamos. A sociedade inteira pode aceitar a todos\u201d.<\/p>\n<p>O pedido de Piccardo foi apoiado por v\u00e1rios leitores mu\u00e7ulmanos, mas criticado na m\u00eddia por representantes da sociedade italiana, que advertiram que essa proposta atenta contra os princ\u00edpios da cultura ocidental. \u201cN\u00f3s pedimos a poligamia segundo a revela\u00e7\u00e3o e tradi\u00e7\u00e3o (isl\u00e2mica)\u201d, insistiu em sua conta de Facebook.<\/p>\n<p>Em um dos coment\u00e1rios, um usu\u00e1rio pediu que n\u00e3o usasse essas palavras \u201cconsciente que nossos inimigos esperam isto para lan\u00e7ar a sua ira sobre o isl\u00e3 e os mu\u00e7ulmanos\u201d; entretanto, Piccardo respondeu: \u201cQuer que eu seja politicamente correto? Atuei desta maneira durante 25 anos por respeito a um papel, frequentemente com mal-estar e fadiga. Agora procuro ser islamicamente correto\u201d.<\/p>\n<p>Estima-se que na It\u00e1lia vivem 1,7 milh\u00f5es de mu\u00e7ulmanos. As uni\u00f5es homossexuais foram legalizadas neste pa\u00eds no dia 11 de maio de 2016.<\/p>\n<p style=\"text-align: justify;\">\u00a0<\/p>\n<p style=\"text-align: justify;\">Fonte: Acidigital<\/p>\n","protected":false},"excerpt":{"rendered":"<p>ROMA,\u00a0 (ACI).- O fundador da Uni\u00e3o de comunidades isl\u00e2micas da It\u00e1lia, Hamza Roberto Piccardo, pediu \u00e0 It\u00e1lia que assim como reconheceu as uni\u00f5es homossexuais como um \u201cdireito civil\u201d, fa\u00e7a o mesmo com a poligamia, um comportamento aprovado pelo isl\u00e3. \u201cSe for somente uma quest\u00e3o de direitos civis, efetivamente, a poligamia \u00e9 um direito civil\u201d, foi [&hellip;]<\/p>\n","protected":false},"author":1,"featured_media":16999,"comment_status":"open","ping_status":"open","sticky":false,"template":"","format":"standard","meta":{"footnotes":""},"categories":[4],"tags":[],"class_list":["post-17000","post","type-post","status-publish","format-standard","has-post-thumbnail","hentry","category-cotidiano"],"_links":{"self":[{"href":"https:\/\/catolicanet.net\/wp-cnet\/wp-json\/wp\/v2\/posts\/17000","targetHints":{"allow":["GET"]}}],"collection":[{"href":"https:\/\/catolicanet.net\/wp-cnet\/wp-json\/wp\/v2\/posts"}],"about":[{"href":"https:\/\/catolicanet.net\/wp-cnet\/wp-json\/wp\/v2\/types\/post"}],"author":[{"embeddable":true,"href":"https:\/\/catolicanet.net\/wp-cnet\/wp-json\/wp\/v2\/users\/1"}],"replies":[{"embeddable":true,"href":"https:\/\/catolicanet.net\/wp-cnet\/wp-json\/wp\/v2\/comments?post=17000"}],"version-history":[{"count":1,"href":"https:\/\/catolicanet.net\/wp-cnet\/wp-json\/wp\/v2\/posts\/17000\/revisions"}],"predecessor-version":[{"id":25430,"href":"https:\/\/catolicanet.net\/wp-cnet\/wp-json\/wp\/v2\/posts\/17000\/revisions\/25430"}],"wp:featuredmedia":[{"embeddable":true,"href":"https:\/\/catolicanet.net\/wp-cnet\/wp-json\/wp\/v2\/media\/16999"}],"wp:attachment":[{"href":"https:\/\/catolicanet.net\/wp-cnet\/wp-json\/wp\/v2\/media?parent=17000"}],"wp:term":[{"taxonomy":"category","embeddable":true,"href":"https:\/\/catolicanet.net\/wp-cnet\/wp-json\/wp\/v2\/categories?post=17000"},{"taxonomy":"post_tag","embeddable":true,"href":"https:\/\/catolicanet.net\/wp-cnet\/wp-json\/wp\/v2\/tags?post=17000"}],"curies":[{"name":"wp","href":"https:\/\/api.w.org\/{rel}","templated":true}]}}