{"id":16996,"date":"2016-08-11T13:44:49","date_gmt":"2016-08-11T16:44:49","guid":{"rendered":"http:\/\/catolicanet.net\/wp-cnet\/2016\/08\/11\/siria-fieis-e-sacerdotes-rezam-e-jejuam-para-que-a-paz-chegue-a-aleppo\/"},"modified":"2017-05-29T16:15:28","modified_gmt":"2017-05-29T19:15:28","slug":"siria-fieis-e-sacerdotes-rezam-e-jejuam-para-que-a-paz-chegue-a-aleppo","status":"publish","type":"post","link":"https:\/\/catolicanet.net\/wp-cnet\/siria-fieis-e-sacerdotes-rezam-e-jejuam-para-que-a-paz-chegue-a-aleppo\/","title":{"rendered":"S\u00edria: Fi\u00e9is e sacerdotes rezam e jejuam para que a paz chegue a Aleppo"},"content":{"rendered":"<p style=\"text-align: justify;\"><img decoding=\"async\" src=\"http:\/\/www.catolicanet.com.br\/images\/stories\/noticias\/velas_laurencater_aciprensa090816.jpg\" border=\"0\" align=\"left\" \/>\u201cN\u00e3o sabemos o que poder\u00e1 acontecer\u201d, expressou o Pe. Ibrahim, p\u00e1roco de Aleppo, ante a proximidade da \u201cbatalha final\u201d entre o governo s\u00edrio e os grupos rebeldes e jihadistas pelo controle da cidade; por isso, chamaram sacerdotes e fi\u00e9is a rezar e jejuar para que chegue a paz.<\/p>\n<p>O governo s\u00edrio realizou mais bombardeios na \u00faltima ter\u00e7a-feira contra a regi\u00e3o oriental da cidade, controlada pelos grupos rebeldes e jihadistas, entre os quais se encontra Fath al-Sham.<\/p>\n<p>Al\u00e9m disso, segundo a ag\u00eancia AFP, cerca de dois mil combatentes s\u00edrios, iranianos e do grupo xiita Hezbollah (L\u00edbano) chegaram a Aleppo para apoiar as for\u00e7as do governo; enquanto no domingo os rebeldes e jihadistas anunciaram uma alian\u00e7a para a batalha na qual pensam em se apoderar da cidade.<\/p>\n<p>\u201cNa verdade, n\u00e3o sabemos o que poder\u00e1 acontecer. Anunciamos a todos os sacerdotes, desde ontem, e tamb\u00e9m dissemos \u00e0s pessoas que devemos jejuar e rezar durante as pr\u00f3ximas 72 horas, para que a paz sempre reine e ven\u00e7a a guerra\u201d, expressou o Pe. Ibrahim.<\/p>\n<p>Em declara\u00e7\u00f5es difundidas no dia 9 de agosto pela R\u00e1dio Vaticano, o sacerdote assinalou que a situa\u00e7\u00e3o est\u00e1 cada vez mais dif\u00edcil \u201cporque continuam ocorrendo os bombardeios que s\u00e3o intensificados \u00e0 noite\u201d, mas tamb\u00e9m acontecem os ataques com m\u00edsseis que caem \u201csobre a zona oeste da cidade, onde n\u00f3s vivemos\u201d.<\/p>\n<p>Pe. Ibrahim disse que a popula\u00e7\u00e3o \u201ctem medo, falta eletricidade e \u00e1gua\u201d, al\u00e9m disso \u201ctudo est\u00e1 caro e nos \u00faltimos dias duas regi\u00f5es foram desocupadas e muitas pessoas dormiram e continuam dormindo nas ruas e nas tendas\u201d.<\/p>\n<p>Nesse sentido, expressou suas d\u00favidas de que comece a tr\u00e9gua humanit\u00e1ria pedida pela ONU. A chegada das tropas, indicou, faz com que se pensa que haver\u00e1 \u201cuma guerra total\u201d.<\/p>\n<p>\u201cPor sua parte, o ex\u00e9rcito quer retomar as partes que perdeu nos \u00faltimos dias, enquanto estes grupos militares se preparam para entrar na Hamadaniya e toda a zona oeste da cidade\u201d, indicou.<\/p>\n<p>O sacerdote esclareceu que utiliza-se a palavra \u201crebeldes\u201d para referir-se \u00e0queles que lutam contra o governo de Bashar Al Assad \u201cporque hoje em dia, como vemos e escutamos, dentro da cidade s\u00e3o mais os jihadistas do que os rebeldes que assumem a lideran\u00e7a de todos estes grupos militares, que na verdade s\u00e3o muito diversos\u201d.<\/p>\n<p>Em meio a esta situa\u00e7\u00e3o, Pe. Ibrahim assinalou que seguem atendendo \u00e0 popula\u00e7\u00e3o e \u201c\u00e9 um milagre\u201d que ainda possam distribuir pacotes alimentares a \u201cmilhares de fam\u00edlias necessitadas\u201d.<\/p>\n<p>\u201c\u00c9 um milagre e uma provid\u00eancia divina que possamos comprar tudo antes do fechamento da rua principal de Aleppo\u201d, expressou.<\/p>\n<p style=\"text-align: justify;\">\u00a0<\/p>\n<p style=\"text-align: justify;\">Fonte: Acidigital<\/p>\n","protected":false},"excerpt":{"rendered":"<p>\u201cN\u00e3o sabemos o que poder\u00e1 acontecer\u201d, expressou o Pe. Ibrahim, p\u00e1roco de Aleppo, ante a proximidade da \u201cbatalha final\u201d entre o governo s\u00edrio e os grupos rebeldes e jihadistas pelo controle da cidade; por isso, chamaram sacerdotes e fi\u00e9is a rezar e jejuar para que chegue a paz. O governo s\u00edrio realizou mais bombardeios na [&hellip;]<\/p>\n","protected":false},"author":1,"featured_media":16995,"comment_status":"open","ping_status":"open","sticky":false,"template":"","format":"standard","meta":{"footnotes":""},"categories":[3],"tags":[],"class_list":["post-16996","post","type-post","status-publish","format-standard","has-post-thumbnail","hentry","category-vaticano"],"_links":{"self":[{"href":"https:\/\/catolicanet.net\/wp-cnet\/wp-json\/wp\/v2\/posts\/16996","targetHints":{"allow":["GET"]}}],"collection":[{"href":"https:\/\/catolicanet.net\/wp-cnet\/wp-json\/wp\/v2\/posts"}],"about":[{"href":"https:\/\/catolicanet.net\/wp-cnet\/wp-json\/wp\/v2\/types\/post"}],"author":[{"embeddable":true,"href":"https:\/\/catolicanet.net\/wp-cnet\/wp-json\/wp\/v2\/users\/1"}],"replies":[{"embeddable":true,"href":"https:\/\/catolicanet.net\/wp-cnet\/wp-json\/wp\/v2\/comments?post=16996"}],"version-history":[{"count":1,"href":"https:\/\/catolicanet.net\/wp-cnet\/wp-json\/wp\/v2\/posts\/16996\/revisions"}],"predecessor-version":[{"id":24242,"href":"https:\/\/catolicanet.net\/wp-cnet\/wp-json\/wp\/v2\/posts\/16996\/revisions\/24242"}],"wp:featuredmedia":[{"embeddable":true,"href":"https:\/\/catolicanet.net\/wp-cnet\/wp-json\/wp\/v2\/media\/16995"}],"wp:attachment":[{"href":"https:\/\/catolicanet.net\/wp-cnet\/wp-json\/wp\/v2\/media?parent=16996"}],"wp:term":[{"taxonomy":"category","embeddable":true,"href":"https:\/\/catolicanet.net\/wp-cnet\/wp-json\/wp\/v2\/categories?post=16996"},{"taxonomy":"post_tag","embeddable":true,"href":"https:\/\/catolicanet.net\/wp-cnet\/wp-json\/wp\/v2\/tags?post=16996"}],"curies":[{"name":"wp","href":"https:\/\/api.w.org\/{rel}","templated":true}]}}