{"id":16988,"date":"2016-08-11T12:27:10","date_gmt":"2016-08-11T15:27:10","guid":{"rendered":"http:\/\/catolicanet.net\/wp-cnet\/2016\/08\/11\/osib-do-regional-sul-2-realiza-assembleia\/"},"modified":"2017-05-26T15:09:08","modified_gmt":"2017-05-26T18:09:08","slug":"osib-do-regional-sul-2-realiza-assembleia","status":"publish","type":"post","link":"https:\/\/catolicanet.net\/wp-cnet\/osib-do-regional-sul-2-realiza-assembleia\/","title":{"rendered":"Osib do regional Sul 2 realiza Assembleia"},"content":{"rendered":"<p style=\"text-align: justify;\"><img decoding=\"async\" src=\"http:\/\/www.catolicanet.com.br\/images\/stories\/noticias\/osib_sul2.jpg\" border=\"0\" align=\"left\" \/>Evento reuniu cerca de 50 participantes<\/p>\n<p>A diocese de Palmas-Francisco Beltr\u00e3o (PR) sediou ,nos dias 19 a 21 de julho, a XXXV Assembleia da Organiza\u00e7\u00e3o dos Semin\u00e1rios e Institutos Filos\u00f3fico-Teol\u00f3gicos do Brasil (Osib) do regional Sul 2 da Confer\u00eancia Nacional dos Bispos do Brasil (CNBB). O evento reuniu cerca de 50 participantes, na Casa de Forma\u00e7\u00e3o Divino Mestre, em Francisco Beltr\u00e3o, e contou com a assessoria do padre Sidney Fabril, da arquidiocese de Maring\u00e1.<\/p>\n<p>No evento, foram revisados os principais documentos do Magist\u00e9rio e discutidas as orienta\u00e7\u00f5es da CNBB em rela\u00e7\u00e3o \u00e0 dimens\u00e3o espiritual. Entre as reflex\u00f5es apontadas pelos participantes, foi constatada a necessidade de uma presen\u00e7a efetiva de um diretor espiritual em cada semin\u00e1rio e casa de forma\u00e7\u00e3o para animar, motivar, apoiar e orientar o caminho espiritual do formando, \u00e0 luz da espiritualidade presbiteral diocesana. <\/p>\n<p>Em clima fraterno e de unidade entre os padres formadores e os seminaristas, a XXXV Assembleia da Osib reuniu representantes das 14 dioceses do regional. O pr\u00f3ximo encontro ser\u00e1 realizado em janeiro de 2017, em Maring\u00e1.<\/p>\n<p style=\"text-align: justify;\">\u00a0<\/p>\n<p style=\"text-align: justify;\">Fonte: CNBB<\/p>\n","protected":false},"excerpt":{"rendered":"<p>Evento reuniu cerca de 50 participantes A diocese de Palmas-Francisco Beltr\u00e3o (PR) sediou ,nos dias 19 a 21 de julho, a XXXV Assembleia da Organiza\u00e7\u00e3o dos Semin\u00e1rios e Institutos Filos\u00f3fico-Teol\u00f3gicos do Brasil (Osib) do regional Sul 2 da Confer\u00eancia Nacional dos Bispos do Brasil (CNBB). O evento reuniu cerca de 50 participantes, na Casa de [&hellip;]<\/p>\n","protected":false},"author":1,"featured_media":16987,"comment_status":"open","ping_status":"open","sticky":false,"template":"","format":"standard","meta":{"footnotes":""},"categories":[7],"tags":[],"class_list":["post-16988","post","type-post","status-publish","format-standard","has-post-thumbnail","hentry","category-cnbb"],"_links":{"self":[{"href":"https:\/\/catolicanet.net\/wp-cnet\/wp-json\/wp\/v2\/posts\/16988","targetHints":{"allow":["GET"]}}],"collection":[{"href":"https:\/\/catolicanet.net\/wp-cnet\/wp-json\/wp\/v2\/posts"}],"about":[{"href":"https:\/\/catolicanet.net\/wp-cnet\/wp-json\/wp\/v2\/types\/post"}],"author":[{"embeddable":true,"href":"https:\/\/catolicanet.net\/wp-cnet\/wp-json\/wp\/v2\/users\/1"}],"replies":[{"embeddable":true,"href":"https:\/\/catolicanet.net\/wp-cnet\/wp-json\/wp\/v2\/comments?post=16988"}],"version-history":[{"count":1,"href":"https:\/\/catolicanet.net\/wp-cnet\/wp-json\/wp\/v2\/posts\/16988\/revisions"}],"predecessor-version":[{"id":23504,"href":"https:\/\/catolicanet.net\/wp-cnet\/wp-json\/wp\/v2\/posts\/16988\/revisions\/23504"}],"wp:featuredmedia":[{"embeddable":true,"href":"https:\/\/catolicanet.net\/wp-cnet\/wp-json\/wp\/v2\/media\/16987"}],"wp:attachment":[{"href":"https:\/\/catolicanet.net\/wp-cnet\/wp-json\/wp\/v2\/media?parent=16988"}],"wp:term":[{"taxonomy":"category","embeddable":true,"href":"https:\/\/catolicanet.net\/wp-cnet\/wp-json\/wp\/v2\/categories?post=16988"},{"taxonomy":"post_tag","embeddable":true,"href":"https:\/\/catolicanet.net\/wp-cnet\/wp-json\/wp\/v2\/tags?post=16988"}],"curies":[{"name":"wp","href":"https:\/\/api.w.org\/{rel}","templated":true}]}}