{"id":16958,"date":"2016-08-10T13:13:16","date_gmt":"2016-08-10T16:13:16","guid":{"rendered":"http:\/\/catolicanet.net\/wp-cnet\/2016\/08\/10\/incendios-caritas-portuguesa-cria-conta-solidaria-de-lajudar-a-madeira\/"},"modified":"2017-05-31T09:47:07","modified_gmt":"2017-05-31T12:47:07","slug":"incendios-caritas-portuguesa-cria-conta-solidaria-de-lajudar-a-madeira","status":"publish","type":"post","link":"https:\/\/catolicanet.net\/wp-cnet\/incendios-caritas-portuguesa-cria-conta-solidaria-de-lajudar-a-madeira\/","title":{"rendered":"Inc\u00eandios: C\u00e1ritas Portuguesa cria conta solid\u00e1ria de \u00abajuda\u00bb \u00e0 Madeira"},"content":{"rendered":"<p style=\"text-align: justify;\"><img decoding=\"async\" src=\"http:\/\/www.catolicanet.com.br\/images\/stories\/noticias\/fogo_funchal3.jpg\" border=\"0\" align=\"left\" \/>Chamas j\u00e1 causaram pelo menos tr\u00eas mortos, dois feridos graves e mais de mil desalojados<\/p>\n<p>Lisboa, 10 ago 2016 (Ecclesia) \u2013 A C\u00e1ritas Portuguesa abriu uma conta solid\u00e1ria de emerg\u00eancia para apoiar as popula\u00e7\u00f5es atingidas pelos inc\u00eandios no Funchal, no Arquip\u00e9lago da Madeira, que j\u00e1 causaram pelo menos tr\u00eas mortos, dois feridos graves e mais de mil desalojados.<\/p>\n<p>Num comunicado enviado \u00e0 Ag\u00eancia ECCLESIA, presidente da C\u00e1ritas Portuguesa, explica que a conta \u2018C\u00e1ritas ajuda a Madeira\u2019, com o n\u00famero 0035 0697 0059 7240130 28, da Caixa Geral de Dep\u00f3sitos (CGD) tem como objetivo \u201cagilizar o apoio de emerg\u00eancia necess\u00e1rio&#8221; \u00e0s pessoas nesta &#8220;hora de afli\u00e7ao&#8221;.<\/p>\n<p>Eug\u00eanio Fonseca frisa que a \u201cdimens\u00e3o dantesca\u201d dos inc\u00eandios em Portugal, em especial no norte do pa\u00eds e na regi\u00e3o madeirense do Funchal, \u201cexige gestos concretos\u201d que n\u00e3o se podem esgotar em declara\u00e7\u00f5es avulsas de respons\u00e1veis pol\u00edticos mas que ter\u00e3o de ser \u201cuma demonstra\u00e7\u00e3o inequ\u00edvoca de solidariedade nacional\u201d, de que existe efetivamente preocupa\u00e7\u00e3o \u201cuns com os outros\u201d.<\/p>\n<p>\u201c\u00c9 nos momentos de infort\u00fanio e nas trag\u00e9dias que se v\u00ea a real dimens\u00e3o da solidariedade de um povo\u201d, sublinha o respons\u00e1vel do bra\u00e7o caritativo da Igreja Cat\u00f3lica.<\/p>\n<p>O presidente da C\u00e1ritas Portuguesa constata que a situa\u00e7\u00e3o atual de fogos \u201c\u00e9, infelizmente, uma quase rotina\u201d os meses de ver\u00e3o, quase todos os anos, serem marcados por inc\u00eandios que \u201cdestroem parte da floresta e que reduzem a cinzas\u201d essa riqueza nacional.<\/p>\n<p>\u201cH\u00e1 que dizer basta! As autoridades t\u00eam o dever de descobrir os respons\u00e1veis por estes atos criminosos para que possam ser exemplarmente punidos\u201d, acrescenta Eug\u00eanio Fonseca que considera ser fundamental que a quest\u00e3o da defesa da floresta \u201cseja encarada como uma prioridade\u201d em Portugal.<\/p>\n<p>No comunicado a C\u00e1ritas Portuguesa manifesta tamb\u00e9m o seu \u201cmais profundo reconhecimento p\u00fablico\u201d pelo trabalho \u201cgeneroso e heroico\u201d dos bombeiros que, de norte a sul, t\u00eam combatido os inc\u00eandios at\u00e9 \u00e0 exaust\u00e3o e \u201carriscando, quase sempre, a pr\u00f3pria vida\u201d.<\/p>\n<p>Segundo a p\u00e1gina online da Autoridade Nacional de Prote\u00e7\u00e3o Civil, existem neste momento, em territ\u00f3rio continental ,\u00a0 120 fogos ativos que envolvem 3520 operacionais, 1038 meios terrestres e 32 meios a\u00e9reos.<\/p>\n<p>Os distritos mais afetados neste momento s\u00e3o o Porto, Viana do Castelo, Viseu e Aveiro.<\/p>\n<p style=\"text-align: justify;\">\u00a0<\/p>\n<p style=\"text-align: justify;\">Fonte: Ag\u00eancia Ecclesia<\/p>\n","protected":false},"excerpt":{"rendered":"<p>Chamas j\u00e1 causaram pelo menos tr\u00eas mortos, dois feridos graves e mais de mil desalojados Lisboa, 10 ago 2016 (Ecclesia) \u2013 A C\u00e1ritas Portuguesa abriu uma conta solid\u00e1ria de emerg\u00eancia para apoiar as popula\u00e7\u00f5es atingidas pelos inc\u00eandios no Funchal, no Arquip\u00e9lago da Madeira, que j\u00e1 causaram pelo menos tr\u00eas mortos, dois feridos graves e mais [&hellip;]<\/p>\n","protected":false},"author":1,"featured_media":16957,"comment_status":"open","ping_status":"open","sticky":false,"template":"","format":"standard","meta":{"footnotes":""},"categories":[4],"tags":[],"class_list":["post-16958","post","type-post","status-publish","format-standard","has-post-thumbnail","hentry","category-cotidiano"],"_links":{"self":[{"href":"https:\/\/catolicanet.net\/wp-cnet\/wp-json\/wp\/v2\/posts\/16958","targetHints":{"allow":["GET"]}}],"collection":[{"href":"https:\/\/catolicanet.net\/wp-cnet\/wp-json\/wp\/v2\/posts"}],"about":[{"href":"https:\/\/catolicanet.net\/wp-cnet\/wp-json\/wp\/v2\/types\/post"}],"author":[{"embeddable":true,"href":"https:\/\/catolicanet.net\/wp-cnet\/wp-json\/wp\/v2\/users\/1"}],"replies":[{"embeddable":true,"href":"https:\/\/catolicanet.net\/wp-cnet\/wp-json\/wp\/v2\/comments?post=16958"}],"version-history":[{"count":1,"href":"https:\/\/catolicanet.net\/wp-cnet\/wp-json\/wp\/v2\/posts\/16958\/revisions"}],"predecessor-version":[{"id":25440,"href":"https:\/\/catolicanet.net\/wp-cnet\/wp-json\/wp\/v2\/posts\/16958\/revisions\/25440"}],"wp:featuredmedia":[{"embeddable":true,"href":"https:\/\/catolicanet.net\/wp-cnet\/wp-json\/wp\/v2\/media\/16957"}],"wp:attachment":[{"href":"https:\/\/catolicanet.net\/wp-cnet\/wp-json\/wp\/v2\/media?parent=16958"}],"wp:term":[{"taxonomy":"category","embeddable":true,"href":"https:\/\/catolicanet.net\/wp-cnet\/wp-json\/wp\/v2\/categories?post=16958"},{"taxonomy":"post_tag","embeddable":true,"href":"https:\/\/catolicanet.net\/wp-cnet\/wp-json\/wp\/v2\/tags?post=16958"}],"curies":[{"name":"wp","href":"https:\/\/api.w.org\/{rel}","templated":true}]}}