{"id":16956,"date":"2016-08-10T12:36:39","date_gmt":"2016-08-10T15:36:39","guid":{"rendered":"http:\/\/catolicanet.net\/wp-cnet\/2016\/08\/10\/incendios-bispo-do-porto-manifesta-lcarinhor-e-incentiva-populacao-e-igreja-a-lproximidader\/"},"modified":"2017-05-31T09:47:07","modified_gmt":"2017-05-31T12:47:07","slug":"incendios-bispo-do-porto-manifesta-lcarinhor-e-incentiva-populacao-e-igreja-a-lproximidader","status":"publish","type":"post","link":"https:\/\/catolicanet.net\/wp-cnet\/incendios-bispo-do-porto-manifesta-lcarinhor-e-incentiva-populacao-e-igreja-a-lproximidader\/","title":{"rendered":"Inc\u00eandios: Bispo do Porto manifesta \u00abcarinho\u00bb e incentiva popula\u00e7\u00e3o e Igreja \u00e0 \u00abproximidade\u00bb"},"content":{"rendered":"<p style=\"text-align: justify;\"><img decoding=\"async\" src=\"http:\/\/www.catolicanet.com.br\/images\/stories\/noticias\/fogo_porto.jpg\" border=\"0\" align=\"left\" \/>D. Ant\u00f4nio Francisco dos Santos expressou \u00abgratid\u00e3o\u00bb por todos os envolvidos no combate aos fogos<\/p>\n<p>Porto (Ecclesia) \u2013 O bispo do Porto disse hoje, sobre os inc\u00eandios no territ\u00f3rio da diocese, que \u201ctodos\u201d s\u00e3o necess\u00e1rios para \u201cajudar, aliviar e minimizar o sofrimento\u201d dos afetados e que \u201cnunca\u201d se deve deixar de agradecer o \u201ctrabalho incans\u00e1vel dos bombeiros\u201d.<\/p>\n<p>Em declara\u00e7\u00f5es hoje \u00e0 Ag\u00eancia ECCLESIA, D. Ant\u00f4nio Francisco dos Santos come\u00e7ou por expressar \u201cum grande carinho e proximidade\u201d para com as popula\u00e7\u00f5es que est\u00e3o a ser afetadas pelos inc\u00eandios, porque est\u00e3o a ver as suas casas em risco, e os bens \u201ccolocados em perigo\u201d.<\/p>\n<p>\u201cA miss\u00e3o e o dever de todos, independentemente da situa\u00e7\u00e3o e responsabilidade, \u00e9 manifestar proximidade. Eu queria muito que a Igreja testemunhasse isso e sinto que podemos fazer\u201d, observa.<\/p>\n<p>Depois, o bispo do Porto manifestou \u201cgratid\u00e3o\u201d para com os bombeiros, os membros da Prote\u00e7\u00e3o Civil e as popula\u00e7\u00f5es \u201cque se uniram\u201d e revelou que tinha estado com o comandante da Prote\u00e7\u00e3o Civil da Regi\u00e3o do Porto onde constatou que existe \u201ctodo um envolvimento das v\u00e1rias institui\u00e7\u00f5es no combate aos inc\u00eandios\u201d.<\/p>\n<p>D. Ant\u00f4nio Francisco dos Santos contou que tem estado em contacto com os p\u00e1rocos e os presidentes dos munic\u00edpios afetado pelos inc\u00eandios e indicou que os tr\u00eas conselhos mais atingidos na sua diocese s\u00e3o Gondomar, Arouca e Vale de Cambra.<\/p>\n<p>J\u00e1 em Marco de Canaveses e Bai\u00e3o as ocorr\u00eancias \u201cforam ultrapassadas rapidamente\u201d.<\/p>\n<p>\u201cA situa\u00e7\u00e3o \u00e9 preocupante e dadas as condi\u00e7\u00f5es atmosf\u00e9ricas \u2013 calor, vento \u2013 e a grande \u00e1rea florestal torna-se mais dif\u00edcil combater a onda de inc\u00eandios\u201d, referiu.<\/p>\n<p>Por isso, em terceiro lugar, o prelado disse que \u201cem nome da Igreja\u201d tem apresentado \u201cdisponibilidade\u201d nos diversos contactos efetuados e sublinhou, por exemplo, a iniciativa de alguns Agrupamentos de Escuteiros que t\u00eam estado a \u201cajudar os bombeiros e as popula\u00e7\u00f5es\u201d.<\/p>\n<p>\u201cA Igreja est\u00e1 dispon\u00edvel para abrir as suas portas, para acolher se houver desalojados por causa dos inc\u00eandios, para ir ao encontro das dificuldades que surgiram nas pr\u00f3prias localidades\u201d, desenvolveu, recordando not\u00edcias de lares que foram evacuados e pessoas que sa\u00edram das suas casas \u201cpor causa do medo\u201d dos inc\u00eandios.<\/p>\n<p>O bispo do Porto observa que quando se v\u00ea algu\u00e9m \u201cser atingido\u201d por estas situa\u00e7\u00f5es \u201ctodos\u201d s\u00e3o poucos para ir ao encontro deles \u201cdentro de um quadro de organiza\u00e7\u00e3o e de servi\u00e7o a prestar\u201d.<\/p>\n<p>Nesse contexto, refor\u00e7ou a \u201cabertura da Igreja\u201d para a divulga\u00e7\u00e3o, para a forma\u00e7\u00e3o, para a ajuda e para a \u201csolicitude imediata\u201d e deu como exemplo o \u201cgesto\u201d do casal que foi ao encontro das pessoas que ficaram paradas durante cinco horas na A1, para oferecer \u00e1gua.<\/p>\n<p>D. Ant\u00f4nio Francisco dos Santos, recordando a norma do Pe. Am\u00e9rico &#8211; cada par\u00f3quia cuide dos seus pobres &#8211; destacou que \u201cas par\u00f3quias est\u00e3o atentas\u201d \u00e0s realidades locais e e explicou que, no que for necess\u00e1rio, as institui\u00e7\u00f5es diocesanas tamb\u00e9m est\u00e3o \u201cdispon\u00edveis e atentas\u201d.<\/p>\n<p>\u201cAs pessoas que precisarem de ajudar encontrar\u00e3o certamente nas institui\u00e7\u00f5es locais mas tamb\u00e9m e necessariamente na Igreja, queremos estar na vanguarda dessa miss\u00e3o\u201d, adiantou.<\/p>\n<p>Os inc\u00eandios que afetam popula\u00e7\u00f5es e bens t\u00eam sido um \u201cproblema recorrente em cada ano\u201d e para o bispo do Porto \u201cmais do que julgar outras formas de proceder\u201d, neste momento, \u00e9 preciso haver solidariedade para com \u201cos que sofrem\u201d.<\/p>\n<p style=\"text-align: justify;\">\u00a0<\/p>\n<p style=\"text-align: justify;\">Fonte: Ag\u00eancia Ecclesia<\/p>\n","protected":false},"excerpt":{"rendered":"<p>D. Ant\u00f4nio Francisco dos Santos expressou \u00abgratid\u00e3o\u00bb por todos os envolvidos no combate aos fogos Porto (Ecclesia) \u2013 O bispo do Porto disse hoje, sobre os inc\u00eandios no territ\u00f3rio da diocese, que \u201ctodos\u201d s\u00e3o necess\u00e1rios para \u201cajudar, aliviar e minimizar o sofrimento\u201d dos afetados e que \u201cnunca\u201d se deve deixar de agradecer o \u201ctrabalho incans\u00e1vel [&hellip;]<\/p>\n","protected":false},"author":1,"featured_media":16955,"comment_status":"open","ping_status":"open","sticky":false,"template":"","format":"standard","meta":{"footnotes":""},"categories":[4],"tags":[],"class_list":["post-16956","post","type-post","status-publish","format-standard","has-post-thumbnail","hentry","category-cotidiano"],"_links":{"self":[{"href":"https:\/\/catolicanet.net\/wp-cnet\/wp-json\/wp\/v2\/posts\/16956","targetHints":{"allow":["GET"]}}],"collection":[{"href":"https:\/\/catolicanet.net\/wp-cnet\/wp-json\/wp\/v2\/posts"}],"about":[{"href":"https:\/\/catolicanet.net\/wp-cnet\/wp-json\/wp\/v2\/types\/post"}],"author":[{"embeddable":true,"href":"https:\/\/catolicanet.net\/wp-cnet\/wp-json\/wp\/v2\/users\/1"}],"replies":[{"embeddable":true,"href":"https:\/\/catolicanet.net\/wp-cnet\/wp-json\/wp\/v2\/comments?post=16956"}],"version-history":[{"count":1,"href":"https:\/\/catolicanet.net\/wp-cnet\/wp-json\/wp\/v2\/posts\/16956\/revisions"}],"predecessor-version":[{"id":25441,"href":"https:\/\/catolicanet.net\/wp-cnet\/wp-json\/wp\/v2\/posts\/16956\/revisions\/25441"}],"wp:featuredmedia":[{"embeddable":true,"href":"https:\/\/catolicanet.net\/wp-cnet\/wp-json\/wp\/v2\/media\/16955"}],"wp:attachment":[{"href":"https:\/\/catolicanet.net\/wp-cnet\/wp-json\/wp\/v2\/media?parent=16956"}],"wp:term":[{"taxonomy":"category","embeddable":true,"href":"https:\/\/catolicanet.net\/wp-cnet\/wp-json\/wp\/v2\/categories?post=16956"},{"taxonomy":"post_tag","embeddable":true,"href":"https:\/\/catolicanet.net\/wp-cnet\/wp-json\/wp\/v2\/tags?post=16956"}],"curies":[{"name":"wp","href":"https:\/\/api.w.org\/{rel}","templated":true}]}}