{"id":16948,"date":"2016-08-10T12:14:24","date_gmt":"2016-08-10T15:14:24","guid":{"rendered":"http:\/\/catolicanet.net\/wp-cnet\/2016\/08\/10\/papa-junto-da-porta-santa-a-palavra-de-jesus-levanta-te\/"},"modified":"2017-06-02T13:44:22","modified_gmt":"2017-06-02T16:44:22","slug":"papa-junto-da-porta-santa-a-palavra-de-jesus-levanta-te","status":"publish","type":"post","link":"https:\/\/catolicanet.net\/wp-cnet\/papa-junto-da-porta-santa-a-palavra-de-jesus-levanta-te\/","title":{"rendered":"Papa: junto da Porta Santa a palavra de Jesus: \u201cLevanta-te\u201d"},"content":{"rendered":"<p style=\"text-align: justify;\"><img decoding=\"async\" src=\"http:\/\/www.catolicanet.com.br\/images\/stories\/noticias\/ansa1051188_articolo.jpg\" border=\"0\" align=\"left\" \/><\/p>\n<p style=\"text-align: justify;\"><a href=\"http:\/\/media02.radiovaticana.va\/audio\/audio2\/mp3\/00543294.mp3\">Clique aqui para ouvir.<\/a><\/p>\n<p style=\"text-align: justify;\">\u00a0<\/p>\n<p style=\"text-align: justify;\">Quarta-feira, 10 de agosto \u2013 numa Sala Paulo VI repleta de fi\u00e9is o Papa Francisco tomou como est\u00edmulo da sua catequese a leitura do Evangelho de S. Lucas, cap\u00edtulo 7, vers\u00edculos 12 a 16 que nos narra a ressurrei\u00e7\u00e3o do filho da vi\u00fava de Naim.<\/p>\n<p>Em particular, o Santo Padre sublinhou a atitude de ternura e compaix\u00e3o que Jesus demonstra por aquela pobre mulher, que perdera o marido e agora viu o seu filho morrer e est\u00e1 prestes a enterra-lo. Segundo Francisco esta atitude \u00e9 mais importante que o milagre grandioso que ele realiza.<\/p>\n<p>Neste encontro que tem lugar na porta da cidade de Naim, a vi\u00fava que vivia uma situa\u00e7\u00e3o marcada pela morte, tem a vida transformada por Jesus compassivo, portador de vida. Este epis\u00f3dio pode, assim, servir de inspira\u00e7\u00e3o para todos os que atravessam a Porta Santa da Miseric\u00f3rdia durante este Jubileu \u2013 afrimou o Papa Francisco:<\/p>\n<p>\u201cDurante este Jubileu, seria uma coisa boa que, no passar a Porta Santa, a Porta da Miseric\u00f3rdia, os peregrinos recordassem este epis\u00f3dio do Evangelho, acontecido sob a porta de Naim. Quando Jesus v\u00ea aquela m\u00e3e em l\u00e1grimas, ela entrou no seu cora\u00e7\u00e3o! Na Porta Santa cada um chega levando a pr\u00f3pria vida, com as suas alegrias e os seus sofrimentos, os projetos e fal\u00eancias, as d\u00favidas e temores, para apresenta-la \u00e0 miseric\u00f3rdia do Senhor. Estejamos seguros que, junto \u00e0 Porta Santa, o Senhor faz-se pr\u00f3ximo para encontrar cada um de n\u00f3s, para trazer e oferecer a sua poderosa palavra consoladora: \u201cN\u00e3o chores\u201d. \u201c<\/p>\n<p>\u201cEsta \u00e9 a Porta do encontro entre a dor da humanidade e a compaix\u00e3o de Deus. Passando-a n\u00f3s cumprimos a nossa peregrina\u00e7\u00e3o na miseric\u00f3rdia de Deus que, como ao rapaz morto, repete a todos: \u201cLevanta-te\u201d. A palavra poderosa de Jesus pode fazer-nos reerguer e operar tamb\u00e9m em n\u00f3s a passagem da morte \u00e0 vida. A sua palavra faz-nos reviver, d\u00e1 esperan\u00e7a, tranquiliza os cora\u00e7\u00f5es cansados, abre a uma vis\u00e3o do mundo e da vida que vai para al\u00e9m do sofrimento e da morte.\u201d<\/p>\n<p>No final da sua catequese Francisco salientou que este Jubileu deve ser vivido em todas as Igrejas particulares do mundo e n\u00e3o s\u00f3 em Roma e sublinhou ainda que Jesus \u00e9 a \u201cverdadeira Porta\u201d que conduz \u00e0 salva\u00e7\u00e3o e a uma vida nova plena de \u201cobras de miseric\u00f3rdia\u201d.<\/p>\n<p>O Santo Padre saudou tamb\u00e9m os peregrinos de l\u00edngua portuguesa:<\/p>\n<p>\u201cDirijo uma sauda\u00e7\u00e3o cordial aos peregrinos de l\u00edngua portuguesa, em particular aos fi\u00e9is de Portugal e do Brasil. Queridos amigos, a experi\u00eancia da compaix\u00e3o misericordiosa de Deus nos deve impelir a levar os outros ao encontro com Jesus que espera a cada homem e mulher nas Portas da Miseric\u00f3rdia espalhadas por todas as Igrejas particulares do mundo. Que Deus vos aben\u00e7oe!\u201d<\/p>\n<p>O Papa Francisco a todos deu a sua b\u00ean\u00e7\u00e3o!<\/p>\n<p style=\"text-align: justify;\">\u00a0<\/p>\n<p style=\"text-align: justify;\">Fonte: R\u00e1dio Vaticano<\/p>\n","protected":false},"excerpt":{"rendered":"<p>Clique aqui para ouvir. \u00a0 Quarta-feira, 10 de agosto \u2013 numa Sala Paulo VI repleta de fi\u00e9is o Papa Francisco tomou como est\u00edmulo da sua catequese a leitura do Evangelho de S. Lucas, cap\u00edtulo 7, vers\u00edculos 12 a 16 que nos narra a ressurrei\u00e7\u00e3o do filho da vi\u00fava de Naim. Em particular, o Santo Padre [&hellip;]<\/p>\n","protected":false},"author":1,"featured_media":16947,"comment_status":"open","ping_status":"open","sticky":false,"template":"","format":"standard","meta":{"footnotes":""},"categories":[3],"tags":[],"class_list":["post-16948","post","type-post","status-publish","format-standard","has-post-thumbnail","hentry","category-vaticano"],"_links":{"self":[{"href":"https:\/\/catolicanet.net\/wp-cnet\/wp-json\/wp\/v2\/posts\/16948","targetHints":{"allow":["GET"]}}],"collection":[{"href":"https:\/\/catolicanet.net\/wp-cnet\/wp-json\/wp\/v2\/posts"}],"about":[{"href":"https:\/\/catolicanet.net\/wp-cnet\/wp-json\/wp\/v2\/types\/post"}],"author":[{"embeddable":true,"href":"https:\/\/catolicanet.net\/wp-cnet\/wp-json\/wp\/v2\/users\/1"}],"replies":[{"embeddable":true,"href":"https:\/\/catolicanet.net\/wp-cnet\/wp-json\/wp\/v2\/comments?post=16948"}],"version-history":[{"count":1,"href":"https:\/\/catolicanet.net\/wp-cnet\/wp-json\/wp\/v2\/posts\/16948\/revisions"}],"predecessor-version":[{"id":28483,"href":"https:\/\/catolicanet.net\/wp-cnet\/wp-json\/wp\/v2\/posts\/16948\/revisions\/28483"}],"wp:featuredmedia":[{"embeddable":true,"href":"https:\/\/catolicanet.net\/wp-cnet\/wp-json\/wp\/v2\/media\/16947"}],"wp:attachment":[{"href":"https:\/\/catolicanet.net\/wp-cnet\/wp-json\/wp\/v2\/media?parent=16948"}],"wp:term":[{"taxonomy":"category","embeddable":true,"href":"https:\/\/catolicanet.net\/wp-cnet\/wp-json\/wp\/v2\/categories?post=16948"},{"taxonomy":"post_tag","embeddable":true,"href":"https:\/\/catolicanet.net\/wp-cnet\/wp-json\/wp\/v2\/tags?post=16948"}],"curies":[{"name":"wp","href":"https:\/\/api.w.org\/{rel}","templated":true}]}}