{"id":16946,"date":"2023-08-10T00:00:12","date_gmt":"2023-08-10T03:00:12","guid":{"rendered":"http:\/\/catolicanet.net\/wp-cnet\/2016\/08\/10\/hoje-e-celebrado-sao-lourenco-famoso-diacono-martir-que-morreu-queimado-na-fogueira\/"},"modified":"2023-01-02T17:09:26","modified_gmt":"2023-01-02T20:09:26","slug":"hoje-e-celebrado-sao-lourenco-famoso-diacono-martir-que-morreu-queimado-na-fogueira","status":"publish","type":"post","link":"https:\/\/catolicanet.net\/wp-cnet\/hoje-e-celebrado-sao-lourenco-famoso-diacono-martir-que-morreu-queimado-na-fogueira\/","title":{"rendered":"S\u00e3o Louren\u00e7o"},"content":{"rendered":"<p style=\"text-align: justify;\">\u201cA Igreja Romana convida-nos hoje a celebrar o triunfo glorioso de S\u00e3o Louren\u00e7o, que, desprezando as amea\u00e7as e as sedu\u00e7\u00f5es do mundo, venceu a persegui\u00e7\u00e3o do dem\u00f4nio\u201d, disse certa vez o Bispo Santo Agostinho em um de seus serm\u00f5es.<\/p>\n<p>S\u00e3o Louren\u00e7o era um dos di\u00e1conos que ajudavam o Papa Sisto II, o qual foi assassinado pela pol\u00edcia do imperador quando estava celebrando a Missa em um cemit\u00e9rio de Roma.<\/p>\n<p>A antiga tradi\u00e7\u00e3o conta que S\u00e3o Louren\u00e7o, ao ver que iam matar o Pont\u00edfice, disse-lhe: \u201cMeu pai, vais sem levar o teu di\u00e1cono?\u201d. E o Santo Padre respondeu: \u201cMeu filho, em poucos me seguir\u00e1s\u201d.<\/p>\n<p>S\u00e3o Louren\u00e7o se alegrou muito de saber que iria logo para o c\u00e9u e, vendo o perigo que se aproximava, recolheu todos os bens que a Igreja tinha em Roma, vendeu-os e distribuiu o dinheiro para os mais necessitados.<\/p>\n<p>O prefeito, que era pag\u00e3o e apegado ao dinheiro, chamou S\u00e3o Louren\u00e7o e mandou que o levasse aos tesouros da Igreja para custear uma guerra que o imperador ia come\u00e7ar. O Santo pediu alguns dias de prazo para reuni-los.<\/p>\n<p>O di\u00e1cono, ent\u00e3o, reuniu os pobres, deficientes, mendigos, \u00f3rf\u00e3os, vi\u00favas, idosos, cegos e leprosos que ele ajudava com esmolas. Mandou chamar o prefeito e lhe disse que eles eram o tesouro mais precioso da Igreja de Cristo.<\/p>\n<p>O prefeito, cheio de raiva, mandou mata-lo lentamente. Colocaram o santo em um braseiro ardente. Os fi\u00e9is viram o rosto do m\u00e1rtir rodeado de um esplendor muito formoso e sentiram um agrad\u00e1vel aroma, enquanto os pag\u00e3os n\u00e3o percebiam nada disso.<\/p>\n<p>Depois de estar queimando na grade por um tempo, o valente m\u00e1rtir disse ao juiz que lhe virassem do outro lado, para ficar completamente queimado. Quando j\u00e1 se se aproximava a sua hora e com uma tranquilidade impressionante, pediu a Deus pela propaga\u00e7\u00e3o do cristianismo no mundo e partiu para a Casa do Pai em 10 de agosto de 258.<\/p>\n<p>Conta-se que esse mart\u00edrio significou o decl\u00ednio da idolatria romana e que a Bas\u00edlica de S\u00e3o Louren\u00e7o, em Roma, \u00e9 considerada a quinta em import\u00e2ncia.<\/p>\n<p>A devo\u00e7\u00e3o a este grande santo se espalhou por todo o mundo e muitos povos e cidades levam o seu nome.<\/p>\n<p>At\u00e9 mesmo o nome da equipe de futebol favorita do Papa Francisco, o \u2018Club Atl\u00e9tico San Lorenzo de Almagro\u2019, \u00e9 em honra do di\u00e1cono m\u00e1rtir, como foi o desejo do salesiano Pe. Lorenzo Massa, na funda\u00e7\u00e3o da equipe.<\/p>\n<p style=\"text-align: justify;\">S\u00e3o Louren\u00e7o, rogai por n\u00f3s!<\/p>\n","protected":false},"excerpt":{"rendered":"<p>\u201cA Igreja Romana convida-nos hoje a celebrar o triunfo glorioso de S\u00e3o Louren\u00e7o, que, desprezando as amea\u00e7as e as sedu\u00e7\u00f5es do mundo, venceu a persegui\u00e7\u00e3o do dem\u00f4nio\u201d, disse certa vez o Bispo Santo Agostinho em um de seus serm\u00f5es. S\u00e3o Louren\u00e7o era um dos di\u00e1conos que ajudavam o Papa Sisto II, o qual foi assassinado [&hellip;]<\/p>\n","protected":false},"author":1,"featured_media":22705,"comment_status":"open","ping_status":"open","sticky":false,"template":"","format":"standard","meta":{"footnotes":""},"categories":[32],"tags":[],"class_list":["post-16946","post","type-post","status-publish","format-standard","has-post-thumbnail","hentry","category-santo-do-dia"],"_links":{"self":[{"href":"https:\/\/catolicanet.net\/wp-cnet\/wp-json\/wp\/v2\/posts\/16946","targetHints":{"allow":["GET"]}}],"collection":[{"href":"https:\/\/catolicanet.net\/wp-cnet\/wp-json\/wp\/v2\/posts"}],"about":[{"href":"https:\/\/catolicanet.net\/wp-cnet\/wp-json\/wp\/v2\/types\/post"}],"author":[{"embeddable":true,"href":"https:\/\/catolicanet.net\/wp-cnet\/wp-json\/wp\/v2\/users\/1"}],"replies":[{"embeddable":true,"href":"https:\/\/catolicanet.net\/wp-cnet\/wp-json\/wp\/v2\/comments?post=16946"}],"version-history":[{"count":3,"href":"https:\/\/catolicanet.net\/wp-cnet\/wp-json\/wp\/v2\/posts\/16946\/revisions"}],"predecessor-version":[{"id":22706,"href":"https:\/\/catolicanet.net\/wp-cnet\/wp-json\/wp\/v2\/posts\/16946\/revisions\/22706"}],"wp:featuredmedia":[{"embeddable":true,"href":"https:\/\/catolicanet.net\/wp-cnet\/wp-json\/wp\/v2\/media\/22705"}],"wp:attachment":[{"href":"https:\/\/catolicanet.net\/wp-cnet\/wp-json\/wp\/v2\/media?parent=16946"}],"wp:term":[{"taxonomy":"category","embeddable":true,"href":"https:\/\/catolicanet.net\/wp-cnet\/wp-json\/wp\/v2\/categories?post=16946"},{"taxonomy":"post_tag","embeddable":true,"href":"https:\/\/catolicanet.net\/wp-cnet\/wp-json\/wp\/v2\/tags?post=16946"}],"curies":[{"name":"wp","href":"https:\/\/api.w.org\/{rel}","templated":true}]}}