{"id":16940,"date":"2016-08-09T18:51:35","date_gmt":"2016-08-09T21:51:35","guid":{"rendered":"http:\/\/catolicanet.net\/wp-cnet\/2016\/08\/09\/atleta-quer-a-eutanasia-apos-jogos-do-rio-podemos-faze-la-mudar-de-ideia\/"},"modified":"2017-05-31T09:48:37","modified_gmt":"2017-05-31T12:48:37","slug":"atleta-quer-a-eutanasia-apos-jogos-do-rio-podemos-faze-la-mudar-de-ideia","status":"publish","type":"post","link":"https:\/\/catolicanet.net\/wp-cnet\/atleta-quer-a-eutanasia-apos-jogos-do-rio-podemos-faze-la-mudar-de-ideia\/","title":{"rendered":"Atleta quer a eutan\u00e1sia ap\u00f3s Jogos do Rio. Podemos faz\u00ea-la mudar de ideia?"},"content":{"rendered":"<p style=\"text-align: justify;\"><img decoding=\"async\" src=\"http:\/\/www.catolicanet.com.br\/images\/stories\/noticias\/marieke.jpg\" border=\"0\" align=\"left\" \/>Marieke Vervoort sofre de uma doen\u00e7a degenerativa e anunciou que deseja o suic\u00eddio assistido. Podemos ficar indiferentes?<\/p>\n<p>Marieke Vervoort, atleta paral\u00edmpica belga de 37 anos, sofre de uma doen\u00e7a degenerativa que paralisou as suas pernas. Ela ganhou a medalha de ouro em Londres 2012, mas anunciou que, depois dos Jogos Ol\u00edmpicos do Rio de Janeiro, pedir\u00e1 a eutan\u00e1sia.<\/p>\n<p>\u201cO Rio \u00e9 meu \u00faltimo desejo. Espero acabar a minha carreira com um p\u00f3dio. Come\u00e7o a pensar na eutan\u00e1sia. Mas, apesar da minha doen\u00e7a, vivi o que outros s\u00f3 podem sonhar\u201d, afirmou ela em declara\u00e7\u00f5es ao di\u00e1rio belga L\u2019Avenir.<\/p>\n<p>Marieke \u00e9 especialista no sprint em cadeira de rodas: campe\u00e3 do mundo em 2015 nos 100, 200 e 400 metros (categoria T 52), ela foi eleita a esportista do ano na B\u00e9lgica em 2012 e 2015.<\/p>\n<p>O esporte tem sido a sua vida. Antes do diagn\u00f3stico de sua doen\u00e7a degenerativa e incur\u00e1vel, em 2008, ela j\u00e1 era famosa mundialmente pelas conquistas no tri\u00e1tlon e pela participa\u00e7\u00e3o no Ironman do Hava\u00ed.<\/p>\n<p>Marieke competir\u00e1 no Rio de 7 a 18 de setembro. Ela sabe que, depois, a carreira esportiva terminar\u00e1 \u2013 e n\u00e3o consegue, hoje, enxergar a sua vida ap\u00f3s essa etapa. Os sofrimentos da doen\u00e7a s\u00e3o cru\u00e9is. E a sombria alternativa que ela considera, a eutan\u00e1sia, \u00e9 uma pr\u00e1tica legal na B\u00e9lgica, seu pa\u00eds natal.<\/p>\n<p>\u00c9 poss\u00edvel ajudar Marieke a encontrar esperan\u00e7a em sua vida?<\/p>\n<p>Os psic\u00f3logos explicam que, quando uma pessoa pede a eutan\u00e1sia, com frequ\u00eancia est\u00e1 lan\u00e7ando um impl\u00edcito grito de ajuda. E h\u00e1 tr\u00eas coisas que podemos fazer para ajudar Marieke.<\/p>\n<p>1 \u2013 O mais importante: podemos e devemos manifestar a ela o nosso amor e carinho. Uma mulher que demonstrou com sua vida uma coragem e esfor\u00e7o t\u00e3o grande merece sentir toda a nossa admira\u00e7\u00e3o e carinho. Marieke tem que experimentar que o carinho n\u00e3o se deve s\u00f3 aos seus grandes resultados esportivos, mas \u00e0 qualidade da sua pessoa. E isso continuar\u00e1 tamb\u00e9m quando ela n\u00e3o puder continuar praticando o esporte.<\/p>\n<p>2 \u2013 Todas as pessoas, mas, em especial, a comunidade esportiva, o sistema belga de sa\u00fade e seus amigos e familiares, poder\u00e3o apoiar Marieke na volta do Rio para que os sofrimentos provocados pela sua doen\u00e7a sejam suavizados e dotados de sentido. O apoio do sistema de sa\u00fade, ali\u00e1s, constitui uma obriga\u00e7\u00e3o para qualquer pa\u00eds que ama os seus filhos e que se diz civilizado.<\/p>\n<p>3 \u2013 Mas h\u00e1 algo mais que pode ser feito por qualquer pessoa, independentemente da sua situa\u00e7\u00e3o. \u00c9 poss\u00edvel mandar uma mensagem a Marieke para lhe manifestar apoio \u2013 evitando, em todo momento, com delicada caridade, que a mensagem se transforme num mesquinho ato de julgamento. Ningu\u00e9m pode julgar uma pessoa \u2013 no m\u00e1ximo, podemos julgar atitudes concretas de uma pessoa, mas n\u00e3o \u00e9 disto que Marieke est\u00e1 precisando neste momento. Ela est\u00e1 precisando de amor! E todos n\u00f3s podemos demonstrar amor e proximidade.<\/p>\n<p>\u00c9 poss\u00edvel enviar mensagens a ela por meio do seu site oficial usando o formul\u00e1rio de contato neste link.<\/p>\n<p>Podemos ficar indiferentes diante da impl\u00edcita s\u00faplica de ajuda que Marieke est\u00e1 nos lan\u00e7ando?<\/p>\n<p style=\"text-align: justify;\">\u00a0<\/p>\n<p style=\"text-align: justify;\">Fonte: Aleteia<\/p>\n","protected":false},"excerpt":{"rendered":"<p>Marieke Vervoort sofre de uma doen\u00e7a degenerativa e anunciou que deseja o suic\u00eddio assistido. Podemos ficar indiferentes? Marieke Vervoort, atleta paral\u00edmpica belga de 37 anos, sofre de uma doen\u00e7a degenerativa que paralisou as suas pernas. Ela ganhou a medalha de ouro em Londres 2012, mas anunciou que, depois dos Jogos Ol\u00edmpicos do Rio de Janeiro, [&hellip;]<\/p>\n","protected":false},"author":1,"featured_media":16939,"comment_status":"open","ping_status":"open","sticky":false,"template":"","format":"standard","meta":{"footnotes":""},"categories":[4],"tags":[],"class_list":["post-16940","post","type-post","status-publish","format-standard","has-post-thumbnail","hentry","category-cotidiano"],"_links":{"self":[{"href":"https:\/\/catolicanet.net\/wp-cnet\/wp-json\/wp\/v2\/posts\/16940","targetHints":{"allow":["GET"]}}],"collection":[{"href":"https:\/\/catolicanet.net\/wp-cnet\/wp-json\/wp\/v2\/posts"}],"about":[{"href":"https:\/\/catolicanet.net\/wp-cnet\/wp-json\/wp\/v2\/types\/post"}],"author":[{"embeddable":true,"href":"https:\/\/catolicanet.net\/wp-cnet\/wp-json\/wp\/v2\/users\/1"}],"replies":[{"embeddable":true,"href":"https:\/\/catolicanet.net\/wp-cnet\/wp-json\/wp\/v2\/comments?post=16940"}],"version-history":[{"count":1,"href":"https:\/\/catolicanet.net\/wp-cnet\/wp-json\/wp\/v2\/posts\/16940\/revisions"}],"predecessor-version":[{"id":25446,"href":"https:\/\/catolicanet.net\/wp-cnet\/wp-json\/wp\/v2\/posts\/16940\/revisions\/25446"}],"wp:featuredmedia":[{"embeddable":true,"href":"https:\/\/catolicanet.net\/wp-cnet\/wp-json\/wp\/v2\/media\/16939"}],"wp:attachment":[{"href":"https:\/\/catolicanet.net\/wp-cnet\/wp-json\/wp\/v2\/media?parent=16940"}],"wp:term":[{"taxonomy":"category","embeddable":true,"href":"https:\/\/catolicanet.net\/wp-cnet\/wp-json\/wp\/v2\/categories?post=16940"},{"taxonomy":"post_tag","embeddable":true,"href":"https:\/\/catolicanet.net\/wp-cnet\/wp-json\/wp\/v2\/tags?post=16940"}],"curies":[{"name":"wp","href":"https:\/\/api.w.org\/{rel}","templated":true}]}}