{"id":16932,"date":"2016-08-09T18:10:56","date_gmt":"2016-08-09T21:10:56","guid":{"rendered":"http:\/\/catolicanet.net\/wp-cnet\/2016\/08\/09\/se-quer-ser-feliz-adore-o-santissimo-sacramento-exorta-casal\/"},"modified":"2017-05-31T09:48:38","modified_gmt":"2017-05-31T12:48:38","slug":"se-quer-ser-feliz-adore-o-santissimo-sacramento-exorta-casal","status":"publish","type":"post","link":"https:\/\/catolicanet.net\/wp-cnet\/se-quer-ser-feliz-adore-o-santissimo-sacramento-exorta-casal\/","title":{"rendered":"Se quer ser feliz, adore o Sant\u00edssimo Sacramento, exorta casal"},"content":{"rendered":"<p style=\"text-align: justify;\"><img decoding=\"async\" src=\"http:\/\/www.catolicanet.com.br\/images\/stories\/noticias\/parejaesposos_acitv_060816.jpg\" border=\"0\" align=\"left\" \/>\u201cSe quer realmente a paz, se quer a felicidade, une-te ao Sant\u00edssimo na Adora\u00e7\u00e3o\u201d, \u00e9 o convite de Selene e Luis, um casal que todos os s\u00e1bados de 2h \u00e0s 3h. adora Jesus Sacramentado em uma das capelas de Adora\u00e7\u00e3o Perp\u00e9tua no Chile.<\/p>\n<p>\u201cNeste mundo, \u00e9 muito dif\u00edcil n\u00e3o ter presente a ang\u00fastia e a dor, \u00e9 realmente muito dif\u00edcil. O grande m\u00e9dico est\u00e1 ali!\u201d, disse Luis Herrera ao Grupo ACI.<\/p>\n<p>\u201cA felicidade nesta terra podemos consegui-la levemente, parcialmente, mas, ao estar abra\u00e7ados ao Sant\u00edssimo, come\u00e7amos a sentir pouco a pouco, por iniciativa Dele, porque Ele vai agindo em nossas almas, essa felicidade que vai ser vivida intensamente quando ressuscitarmos\u201d, acrescentou o adorador.<\/p>\n<p>Luis Herrera e Selene de Herrera s\u00e3o um casal venezuelano, pais de 4 filhos. H\u00e1 18 anos, decidiram sair da Venezuela por causa da dif\u00edcil situa\u00e7\u00e3o que estava ocorrendo no pa\u00eds e foram para Bogot\u00e1, Col\u00f4mbia, onde viveram durante 8 anos.<\/p>\n<p>H\u00e1 dez anos, por raz\u00f5es profissionais, mudaram-se para Santiago (Chile) e, h\u00e1 tr\u00eas, integraram-se \u00e0 Par\u00f3quia Nossa Senhora do Ros\u00e1rio, que justamente estava come\u00e7ando a fazer a Capela de Adora\u00e7\u00e3o Perp\u00e9tua, iniciativa dos Mission\u00e1rios de Nossa Senhora do Sant\u00edssimo Sacramento.<\/p>\n<p>\u201cDesde esse feliz momento, h\u00e1 tr\u00eas anos, fazemos parte da Capela de Adora\u00e7\u00e3o Perp\u00e9tua com uma hora que conservamos desde esse momento at\u00e9 hoje\u201d, assinalou Luis, que junto com sua esposa foram os primeiros coordenadores desta iniciativa na par\u00f3quia.<\/p>\n<p>Para Selene, \u201cquando uma pessoa est\u00e1 em um pa\u00eds distante, precisa apegar-se a algu\u00e9m ou a algo. Quando cheguei \u00e0 Par\u00f3quia, o Padre Carlos estava expondo o Sant\u00edssimo e ent\u00e3o compreendi que o \u00fanico que precisava ter era Jesus\u201d.<\/p>\n<p>\u201cEle me conhece, conhece as minhas penas, as minhas tristezas, por isso nem precisava dizer \u2018aconteceu tal coisa comigo\u2019. Pois Ele sabe de tudo!\u201d, sustentou.<\/p>\n<p>Para tornar poss\u00edvel a Adora\u00e7\u00e3o Eucar\u00edstica durante 24 horas, Selene e Luis tinham que conseguir reunir no m\u00ednimo 169 pessoas que se comprometessem com uma hora de adora\u00e7\u00e3o por cada semana. Para surpresa deles, cerca de 700 pessoas se inscreveram.<\/p>\n<p>Luis, que ser\u00e1 ordenado di\u00e1cono permanente em setembro deste ano, disse que o matrim\u00f4nio, que \u00e9 \u201cprofundamente espiritual\u201d, n\u00e3o \u00e9 entre dois, mas \u201centre tr\u00eas, porque, se neste sacramento t\u00e3o precioso n\u00e3o inclu\u00edmos o nosso Senhor, as coisas n\u00e3o v\u00e3o para frente\u201d.<\/p>\n<p>As capelas de Adora\u00e7\u00e3o Perp\u00e9tua s\u00e3o uma iniciativa dos Mission\u00e1rios de Nossa Senhora do Sant\u00edssimo Sacramento, fundada pelo sacerdote argentino Patr\u00edcio Hileman, que h\u00e1 mais de 13 anos est\u00e1 encarregado da miss\u00e3o na Am\u00e9rica Latina, onde j\u00e1 existem 950 capelas de adora\u00e7\u00e3o perp\u00e9tua.<\/p>\n<p>O M\u00e9xico lidera esta miss\u00e3o com mais de 650 capelas. Tamb\u00e9m est\u00e3o presentes no Paraguai, na Argentina, no Chile, no Peru, na Bol\u00edvia, no Equador e na Col\u00f4mbia.<\/p>\n<p style=\"text-align: justify;\">\u00a0<\/p>\n<p style=\"text-align: justify;\">Fonte: Acidigital<\/p>\n","protected":false},"excerpt":{"rendered":"<p>\u201cSe quer realmente a paz, se quer a felicidade, une-te ao Sant\u00edssimo na Adora\u00e7\u00e3o\u201d, \u00e9 o convite de Selene e Luis, um casal que todos os s\u00e1bados de 2h \u00e0s 3h. adora Jesus Sacramentado em uma das capelas de Adora\u00e7\u00e3o Perp\u00e9tua no Chile. \u201cNeste mundo, \u00e9 muito dif\u00edcil n\u00e3o ter presente a ang\u00fastia e a [&hellip;]<\/p>\n","protected":false},"author":1,"featured_media":16931,"comment_status":"open","ping_status":"open","sticky":false,"template":"","format":"standard","meta":{"footnotes":""},"categories":[4],"tags":[],"class_list":["post-16932","post","type-post","status-publish","format-standard","has-post-thumbnail","hentry","category-cotidiano"],"_links":{"self":[{"href":"https:\/\/catolicanet.net\/wp-cnet\/wp-json\/wp\/v2\/posts\/16932","targetHints":{"allow":["GET"]}}],"collection":[{"href":"https:\/\/catolicanet.net\/wp-cnet\/wp-json\/wp\/v2\/posts"}],"about":[{"href":"https:\/\/catolicanet.net\/wp-cnet\/wp-json\/wp\/v2\/types\/post"}],"author":[{"embeddable":true,"href":"https:\/\/catolicanet.net\/wp-cnet\/wp-json\/wp\/v2\/users\/1"}],"replies":[{"embeddable":true,"href":"https:\/\/catolicanet.net\/wp-cnet\/wp-json\/wp\/v2\/comments?post=16932"}],"version-history":[{"count":1,"href":"https:\/\/catolicanet.net\/wp-cnet\/wp-json\/wp\/v2\/posts\/16932\/revisions"}],"predecessor-version":[{"id":25448,"href":"https:\/\/catolicanet.net\/wp-cnet\/wp-json\/wp\/v2\/posts\/16932\/revisions\/25448"}],"wp:featuredmedia":[{"embeddable":true,"href":"https:\/\/catolicanet.net\/wp-cnet\/wp-json\/wp\/v2\/media\/16931"}],"wp:attachment":[{"href":"https:\/\/catolicanet.net\/wp-cnet\/wp-json\/wp\/v2\/media?parent=16932"}],"wp:term":[{"taxonomy":"category","embeddable":true,"href":"https:\/\/catolicanet.net\/wp-cnet\/wp-json\/wp\/v2\/categories?post=16932"},{"taxonomy":"post_tag","embeddable":true,"href":"https:\/\/catolicanet.net\/wp-cnet\/wp-json\/wp\/v2\/tags?post=16932"}],"curies":[{"name":"wp","href":"https:\/\/api.w.org\/{rel}","templated":true}]}}