{"id":16930,"date":"2016-08-09T17:55:07","date_gmt":"2016-08-09T20:55:07","guid":{"rendered":"http:\/\/catolicanet.net\/wp-cnet\/2016\/08\/09\/onde-esta-deus-quando-inocentes-morrem-por-causa-da-violencia-do-terrorismo-das-guerras\/"},"modified":"2017-05-31T13:33:59","modified_gmt":"2017-05-31T16:33:59","slug":"onde-esta-deus-quando-inocentes-morrem-por-causa-da-violencia-do-terrorismo-das-guerras","status":"publish","type":"post","link":"https:\/\/catolicanet.net\/wp-cnet\/onde-esta-deus-quando-inocentes-morrem-por-causa-da-violencia-do-terrorismo-das-guerras\/","title":{"rendered":"\u201cOnde est\u00e1 Deus, quando inocentes morrem por causa da viol\u00eancia, do terrorismo, das guerras?\u201d"},"content":{"rendered":"<p style=\"text-align: justify;\"><img decoding=\"async\" src=\"http:\/\/www.catolicanet.com.br\/images\/stories\/noticias\/27086lpr_628f71a4722d08c.jpg\" border=\"0\" align=\"left\" \/>\u201cO caminho da Cruz n\u00e3o \u00e9 sadomasoquista, o caminho da Cruz \u00e9 o \u00fanico que vence o pecado, o mal e a morte\u201d<\/p>\n<p>\u201cOnde est\u00e1 Deus? Onde est\u00e1 Deus, se no mundo existe o mal, se h\u00e1 pessoas famintas, sedentas, sem abrigo, deslocadas, refugiadas? Onde est\u00e1 Deus, quando morrem pessoas inocentes por causa da viol\u00eancia, do terrorismo, das guerras? Onde est\u00e1 Deus, quando doen\u00e7as cru\u00e9is rompem la\u00e7os de vida e de afeto? Ou quando as crian\u00e7as s\u00e3o exploradas, humilhadas, e sofrem \u2013 tamb\u00e9m elas\u2013 por causa de graves patologias?\u201d A medita\u00e7\u00e3o do Papa Francisco ao final da Via Sacra na explanada do Parque Blonia come\u00e7a com uma s\u00e9rie de perguntas \u201cpara as quais n\u00e3o h\u00e1 resposta humana\u201d.<\/p>\n<p>Bergoglio reuniu-se com os jovens que h\u00e1 cerca de tr\u00eas horas esperavam por ele, escutando testemunhos, assistindo a filmes, entre cantos e ora\u00e7\u00f5es. A Via Sacra \u2013 Via da Miseric\u00f3rdia \u2013 prev\u00ea a exibi\u00e7\u00e3o de v\u00eddeos ao vivo de outras partes do mundo. Em cada esta\u00e7\u00e3o, a cruz \u00e9 levada por um grupo diferente de jovens que pertencem a diferentes associa\u00e7\u00f5es do mundo.<\/p>\n<p>Em sua interven\u00e7\u00e3o, o Papa Francisco, ap\u00f3s um dia de contato com a mem\u00f3ria dolorosa do passado e com os sofrimentos dos mais pequeninos, explicou que diante da falta de resposta para a dor inocente \u201cs\u00f3 podemos olhar para Jesus e perguntar Ele. E a resposta de Jesus \u00e9 esta: \u2018Deus est\u00e1 neles\u2019, Jesus est\u00e1 neles, sofre neles, profundamente identificado com cada um\u201d.<\/p>\n<p>O pr\u00f3prio Jesus \u201cescolheu identificar-se com estes irm\u00e3os e irm\u00e3s que sofrem por causa da dor e da ang\u00fastia, aceitando percorrer a via dolorosa que leva ao calv\u00e1rio\u201d.<\/p>\n<p>\u201cAbra\u00e7ando o madeiro da cruz, Jesus abra\u00e7a a nudez e a fome, a sede e a solid\u00e3o, a dor e a morte dos homens e mulheres de todos os tempos. Nesta noite, Jesus \u2013 e n\u00f3s com ele \u2013 abra\u00e7a com amor especial os nossos irm\u00e3os s\u00edrios, que fugiram da guerra. Saudamo-los e acolhemo-los com fraterno afeto e simpatia\u201d.<\/p>\n<p>Em seguida, o Papa recordou as 14 obras de miseric\u00f3rdia: dar de comer a quem tem fome, dar de beber a quem tem sede, vestir os nus, dar pousada aos peregrinos, visitar os enfermos; visitar os presos; enterrar os mortos; dar bons conselhos, ensinar os ignorantes, corrigir os que erram, consolar os tristes, perdoar as inj\u00farias, suportar com paci\u00eancia as fraquezas do nosso pr\u00f3ximo, rezar a Deus por vivos e defuntos.<\/p>\n<p>\u201cSomos chamados a servir Jesus crucificado em cada pessoa marginalizada, a tocar a sua carne bendita em quem \u00e9 exclu\u00eddo, tem fome, tem sede, est\u00e1 nu, preso, doente, desempregado, \u00e9 perseguido, refugiado, migrante. Naquela carne bendita, encontramos o nosso Deus; naquela carne bendita, tocamos o Senhor. O pr\u00f3prio Jesus no-lo disse, ao explicar o \u2018protocolo\u2019 com base no qual seremos julgados: sempre que fizermos isto a um dos nossos irm\u00e3os mais pequeninos, fazemo-lo a Ele\u201d. \u201cA credibilidade dos crist\u00e3os \u00e9 posta em jogo no acolhimento da pessoa marginalizada que est\u00e1 ferida no corpo, e no acolhimento do pecador que est\u00e1 ferido na alma. N\u00e3o nas ideias: a\u00ed\u201d.<\/p>\n<p>\u201cO caminho da Cruz n\u00e3o \u00e9 sadomasoquista, o caminho da Cruz \u00e9 o \u00fanico que vence o pecado, o mal e a morte\u201d, \u00e9 o \u201ccaminho da esperan\u00e7a, e eu gostaria que voc\u00eas fossem semeadores de esperan\u00e7a\u201d, convidou o Papa.<\/p>\n<p>Hoje, afirmou Francisco, \u201ca humanidade necessita de homens e mulheres, particularmente jovens como voc\u00eas, que n\u00e3o queiram viver a sua exist\u00eancia \u2018pela metade\u2019, jovens dispostos a entregar suas vidas para servir generosamente os irm\u00e3os mais pobres e fracos\u201d. Percorrendo a via da cruz, do compromisso pessoal e \u201cdo sacrif\u00edcio de voc\u00eas mesmos\u201d.<\/p>\n<p>\u201cQueridos jovens \u2013 concluiu Bergoglio \u2013, naquela Sexta-Feira Santa, muitos disc\u00edpulos voltaram tristes para suas casas, outros preferiram ir para a casa da aldeia a fim de esquecer a cruz. Pergunto-vos: nesta noite, como voc\u00eas querem voltar \u00e0s suas casas, aos seus locais de alojamento? Nesta noite, como querem voltar a encontrar-se com voc\u00eas mesmos? O mundo olha para n\u00f3s, cabe a cada um de voc\u00eas responder ao desafio desta pergunta\u201d.<\/p>\n<p style=\"text-align: justify;\">\u00a0<\/p>\n<p style=\"text-align: justify;\">Fonte: Aleteia<\/p>\n","protected":false},"excerpt":{"rendered":"<p>\u201cO caminho da Cruz n\u00e3o \u00e9 sadomasoquista, o caminho da Cruz \u00e9 o \u00fanico que vence o pecado, o mal e a morte\u201d \u201cOnde est\u00e1 Deus? Onde est\u00e1 Deus, se no mundo existe o mal, se h\u00e1 pessoas famintas, sedentas, sem abrigo, deslocadas, refugiadas? Onde est\u00e1 Deus, quando morrem pessoas inocentes por causa da viol\u00eancia, [&hellip;]<\/p>\n","protected":false},"author":1,"featured_media":16929,"comment_status":"open","ping_status":"open","sticky":false,"template":"","format":"standard","meta":{"footnotes":""},"categories":[4],"tags":[],"class_list":["post-16930","post","type-post","status-publish","format-standard","has-post-thumbnail","hentry","category-cotidiano"],"_links":{"self":[{"href":"https:\/\/catolicanet.net\/wp-cnet\/wp-json\/wp\/v2\/posts\/16930","targetHints":{"allow":["GET"]}}],"collection":[{"href":"https:\/\/catolicanet.net\/wp-cnet\/wp-json\/wp\/v2\/posts"}],"about":[{"href":"https:\/\/catolicanet.net\/wp-cnet\/wp-json\/wp\/v2\/types\/post"}],"author":[{"embeddable":true,"href":"https:\/\/catolicanet.net\/wp-cnet\/wp-json\/wp\/v2\/users\/1"}],"replies":[{"embeddable":true,"href":"https:\/\/catolicanet.net\/wp-cnet\/wp-json\/wp\/v2\/comments?post=16930"}],"version-history":[{"count":1,"href":"https:\/\/catolicanet.net\/wp-cnet\/wp-json\/wp\/v2\/posts\/16930\/revisions"}],"predecessor-version":[{"id":25449,"href":"https:\/\/catolicanet.net\/wp-cnet\/wp-json\/wp\/v2\/posts\/16930\/revisions\/25449"}],"wp:featuredmedia":[{"embeddable":true,"href":"https:\/\/catolicanet.net\/wp-cnet\/wp-json\/wp\/v2\/media\/16929"}],"wp:attachment":[{"href":"https:\/\/catolicanet.net\/wp-cnet\/wp-json\/wp\/v2\/media?parent=16930"}],"wp:term":[{"taxonomy":"category","embeddable":true,"href":"https:\/\/catolicanet.net\/wp-cnet\/wp-json\/wp\/v2\/categories?post=16930"},{"taxonomy":"post_tag","embeddable":true,"href":"https:\/\/catolicanet.net\/wp-cnet\/wp-json\/wp\/v2\/tags?post=16930"}],"curies":[{"name":"wp","href":"https:\/\/api.w.org\/{rel}","templated":true}]}}