{"id":16928,"date":"2016-08-09T17:50:23","date_gmt":"2016-08-09T20:50:23","guid":{"rendered":"http:\/\/catolicanet.net\/wp-cnet\/2016\/08\/09\/menina-crista-convertida-a-forca-ao-isla-consegue-fugir\/"},"modified":"2017-05-29T16:17:18","modified_gmt":"2017-05-29T19:17:18","slug":"menina-crista-convertida-a-forca-ao-isla-consegue-fugir","status":"publish","type":"post","link":"https:\/\/catolicanet.net\/wp-cnet\/menina-crista-convertida-a-forca-ao-isla-consegue-fugir\/","title":{"rendered":"Menina crist\u00e3 convertida \u00e0 for\u00e7a ao Isl\u00e3 consegue fugir"},"content":{"rendered":"<p style=\"text-align: justify;\"><img decoding=\"async\" src=\"http:\/\/www.catolicanet.com.br\/images\/stories\/noticias\/67dcc46237b8f15ce4fdbadcc79dc8ea_xl.jpg\" border=\"0\" align=\"left\" \/>Menina crist\u00e3 convertida \u00e0 for\u00e7a ao Isl\u00e3 consegue fugir<\/p>\n<p>Asma, uma menina crist\u00e3 &#8211; surda-muda &#8211; fugiu de um homem mu\u00e7ulmano que a tinha raptado, for\u00e7ado a converter-se ao Islamismo e ao casamento isl\u00e2mico. Ap\u00f3s a fuga, a menina e a sua fam\u00edlia, que se encontram Punjab no Paquist\u00e3o, foram amea\u00e7adas de morte pelos religiosos mu\u00e7ulmanos. De acordo com eles, Aysha, nome isl\u00e2mico pelo qual \u00e9 tratada, n\u00e3o pode regressar \u00e0 sua fam\u00edlia de origem visto que se converteu ao Isl\u00e3 e se casou com um mu\u00e7ulmano.<\/p>\n<p>Asma foi raptada h\u00e1 cinco meses pelo seu vizinho Ghulam Hussain, um mu\u00e7ulmano de grande influ\u00eancia na pol\u00edcia e no mundo pol\u00edtico. Hussain amea\u00e7ou o pai de Asma, Gulzar Masih, que se dirigiu \u00e0 pol\u00edcia local para relatar os fatos. No entanto, a pol\u00edcia o \u201cconvidou\u201d a entregar a sua filha ao marido. Agora, ap\u00f3s a apresenta\u00e7\u00e3o de uma queixa, o caso est\u00e1 em tribunal.<\/p>\n<p>A ag\u00eancia Fides informa que Ghulam Hussain, o raptor da menina apresentou o certificado de uma madra\u00e7a (escola cor\u00e2nica) que certifica a convers\u00e3o de Asma e tamb\u00e9m apresentou o documento do casamento. A advogada de Asma e da sua fam\u00edlia explicou que ambos os documentos foram falsificados e que as assinaturas da menina foram extorquidas \u00e0 for\u00e7a.<\/p>\n<p>Nasir Saeed, diretor da ONG &#8220;CLAAS&#8221;, que est\u00e1 a acompanhar o caso, explicou: &#8220;Os casos de convers\u00e3o for\u00e7ada e de rapto de meninas hindus e crist\u00e3s est\u00e3o aumentando e demonstram o fracasso das institui\u00e7\u00f5es ao garantir a impunidade. A pol\u00edcia e o poder judicial s\u00e3o c\u00famplices e n\u00e3o defendem a lei. Por esta raz\u00e3o, muitos hindus e crist\u00e3os no Paquist\u00e3o, desanimados, come\u00e7aram a emigrar para a \u00cdndia e para outros pa\u00edses: o Paquist\u00e3o n\u00e3o os protege e eles sentem que as suas vidas e os seus bens est\u00e3o em constante perigo&#8221;.<\/p>\n<p>No Paquist\u00e3o, o rapto de meninas pertencentes a minorias religiosas e a convers\u00e3o for\u00e7ada ao Isl\u00e3 \u00e9 um fen\u00f4meno generalizado. Todos os anos cerca de 700 meninas crist\u00e3s e 300 meninas hindus s\u00e3o afetadas. Estes n\u00fameros referem-se apenas aos casos que s\u00e3o denunciados ou que chegam a tribunal.<\/p>\n<p style=\"text-align: justify;\">\u00a0<\/p>\n<p style=\"text-align: justify;\">Fonte: ACN<\/p>\n","protected":false},"excerpt":{"rendered":"<p>Menina crist\u00e3 convertida \u00e0 for\u00e7a ao Isl\u00e3 consegue fugir Asma, uma menina crist\u00e3 &#8211; surda-muda &#8211; fugiu de um homem mu\u00e7ulmano que a tinha raptado, for\u00e7ado a converter-se ao Islamismo e ao casamento isl\u00e2mico. Ap\u00f3s a fuga, a menina e a sua fam\u00edlia, que se encontram Punjab no Paquist\u00e3o, foram amea\u00e7adas de morte pelos religiosos [&hellip;]<\/p>\n","protected":false},"author":1,"featured_media":16927,"comment_status":"open","ping_status":"open","sticky":false,"template":"","format":"standard","meta":{"footnotes":""},"categories":[4],"tags":[],"class_list":["post-16928","post","type-post","status-publish","format-standard","has-post-thumbnail","hentry","category-cotidiano"],"_links":{"self":[{"href":"https:\/\/catolicanet.net\/wp-cnet\/wp-json\/wp\/v2\/posts\/16928","targetHints":{"allow":["GET"]}}],"collection":[{"href":"https:\/\/catolicanet.net\/wp-cnet\/wp-json\/wp\/v2\/posts"}],"about":[{"href":"https:\/\/catolicanet.net\/wp-cnet\/wp-json\/wp\/v2\/types\/post"}],"author":[{"embeddable":true,"href":"https:\/\/catolicanet.net\/wp-cnet\/wp-json\/wp\/v2\/users\/1"}],"replies":[{"embeddable":true,"href":"https:\/\/catolicanet.net\/wp-cnet\/wp-json\/wp\/v2\/comments?post=16928"}],"version-history":[{"count":1,"href":"https:\/\/catolicanet.net\/wp-cnet\/wp-json\/wp\/v2\/posts\/16928\/revisions"}],"predecessor-version":[{"id":24244,"href":"https:\/\/catolicanet.net\/wp-cnet\/wp-json\/wp\/v2\/posts\/16928\/revisions\/24244"}],"wp:featuredmedia":[{"embeddable":true,"href":"https:\/\/catolicanet.net\/wp-cnet\/wp-json\/wp\/v2\/media\/16927"}],"wp:attachment":[{"href":"https:\/\/catolicanet.net\/wp-cnet\/wp-json\/wp\/v2\/media?parent=16928"}],"wp:term":[{"taxonomy":"category","embeddable":true,"href":"https:\/\/catolicanet.net\/wp-cnet\/wp-json\/wp\/v2\/categories?post=16928"},{"taxonomy":"post_tag","embeddable":true,"href":"https:\/\/catolicanet.net\/wp-cnet\/wp-json\/wp\/v2\/tags?post=16928"}],"curies":[{"name":"wp","href":"https:\/\/api.w.org\/{rel}","templated":true}]}}