{"id":16871,"date":"2016-08-08T14:56:04","date_gmt":"2016-08-08T17:56:04","guid":{"rendered":"http:\/\/catolicanet.net\/wp-cnet\/2016\/08\/08\/institutos-seculares-de-todo-o-mundo-se-reunirao-em-roma\/"},"modified":"2017-06-02T11:00:07","modified_gmt":"2017-06-02T14:00:07","slug":"institutos-seculares-de-todo-o-mundo-se-reunirao-em-roma","status":"publish","type":"post","link":"https:\/\/catolicanet.net\/wp-cnet\/institutos-seculares-de-todo-o-mundo-se-reunirao-em-roma\/","title":{"rendered":"Institutos seculares de todo o mundo se reunir\u00e3o em Roma"},"content":{"rendered":"<p style=\"text-align: justify;\"><img decoding=\"async\" src=\"http:\/\/www.catolicanet.com.br\/images\/stories\/bispos\/afp3770708_articolo.jpg\" border=\"0\" align=\"left\" \/>Cidade do Vaticano (RV) \u2013 A forma\u00e7\u00e3o dos membros de Institutos seculares e a identidade da consagra\u00e7\u00e3o dos pr\u00f3prios Institutos s\u00e3o os dois temas principais no centro da Assembleia geral da Confer\u00eancia Mundial de Institutos Seculares (Cmis), programada em Roma, no Centro Salesianum, de 21 a 25 de agosto.<\/p>\n<p>Aguardados 140 participantes de 25 pa\u00edses<\/p>\n<p>O evento \u2013 informa uma nota dos Salesianos \u2013 reunir\u00e1 respons\u00e1veis gerais de Institutos seculares membros da Confer\u00eancia e presidentes das Confer\u00eancias nacionais e continentais de Institutos seculares. No total, ser\u00e3o aguardados mais de 140 participantes, representando 25 pa\u00edses de 5 continentes.<\/p>\n<p>Missa de abertura presidida pelo card. Braz de Aviz<\/p>\n<p>Dom Jo\u00e3o Braz de Aviz, cardeal prefeito da Congrega\u00e7\u00e3o para os Institutos de Vida Consagrada e as Sociedades de Vida Apost\u00f3lica, presidir\u00e1 a celebra\u00e7\u00e3o eucar\u00edstica segunda-feira, 22 de agosto, \u00e0s 18h, no Centro Salesianum. Al\u00e9m de relatar as atividades da Cmis nos \u00faltimos 4 anos, o encontro deve examinar temas importantes para o pr\u00f3ximo quadri\u00eanio; a laicidade como sede natural da forma\u00e7\u00e3o, as novidades emergentes de diferentes culturas e continentes; os v\u00e1rios perfis e andamentos dos Institutos; a redescoberta do valor de uma voca\u00e7\u00e3o evang\u00e9lica que n\u00e3o busca visibilidade ou efici\u00eancia.<\/p>\n<p>24 de agosto, audi\u00eancia com Papa Francisco<\/p>\n<p>Tamb\u00e9m ser\u00e1 central a reflex\u00e3o em vista do 70\u00ba anivers\u00e1rio da \u201cProvida Mater Ecclesia\u201d, a Constitui\u00e7\u00e3o apost\u00f3lica sobre Institutos seculares, assinada por Pio XII em 1947. A Assembleia eleger\u00e1 ainda o Conselho executivo, a quem ser\u00e1 confiada a tarefa de atuar as orienta\u00e7\u00f5es. Os congressistas participar\u00e3o da audi\u00eancia geral do Papa quarta-feira, 24 de agosto.<\/p>\n<p style=\"text-align: justify;\">\u00a0<\/p>\n<p style=\"text-align: justify;\">Fonte: R\u00e1dio Vaticano<\/p>\n","protected":false},"excerpt":{"rendered":"<p>Cidade do Vaticano (RV) \u2013 A forma\u00e7\u00e3o dos membros de Institutos seculares e a identidade da consagra\u00e7\u00e3o dos pr\u00f3prios Institutos s\u00e3o os dois temas principais no centro da Assembleia geral da Confer\u00eancia Mundial de Institutos Seculares (Cmis), programada em Roma, no Centro Salesianum, de 21 a 25 de agosto. Aguardados 140 participantes de 25 pa\u00edses [&hellip;]<\/p>\n","protected":false},"author":1,"featured_media":16870,"comment_status":"open","ping_status":"open","sticky":false,"template":"","format":"standard","meta":{"footnotes":""},"categories":[3],"tags":[],"class_list":["post-16871","post","type-post","status-publish","format-standard","has-post-thumbnail","hentry","category-vaticano"],"_links":{"self":[{"href":"https:\/\/catolicanet.net\/wp-cnet\/wp-json\/wp\/v2\/posts\/16871","targetHints":{"allow":["GET"]}}],"collection":[{"href":"https:\/\/catolicanet.net\/wp-cnet\/wp-json\/wp\/v2\/posts"}],"about":[{"href":"https:\/\/catolicanet.net\/wp-cnet\/wp-json\/wp\/v2\/types\/post"}],"author":[{"embeddable":true,"href":"https:\/\/catolicanet.net\/wp-cnet\/wp-json\/wp\/v2\/users\/1"}],"replies":[{"embeddable":true,"href":"https:\/\/catolicanet.net\/wp-cnet\/wp-json\/wp\/v2\/comments?post=16871"}],"version-history":[{"count":1,"href":"https:\/\/catolicanet.net\/wp-cnet\/wp-json\/wp\/v2\/posts\/16871\/revisions"}],"predecessor-version":[{"id":28039,"href":"https:\/\/catolicanet.net\/wp-cnet\/wp-json\/wp\/v2\/posts\/16871\/revisions\/28039"}],"wp:featuredmedia":[{"embeddable":true,"href":"https:\/\/catolicanet.net\/wp-cnet\/wp-json\/wp\/v2\/media\/16870"}],"wp:attachment":[{"href":"https:\/\/catolicanet.net\/wp-cnet\/wp-json\/wp\/v2\/media?parent=16871"}],"wp:term":[{"taxonomy":"category","embeddable":true,"href":"https:\/\/catolicanet.net\/wp-cnet\/wp-json\/wp\/v2\/categories?post=16871"},{"taxonomy":"post_tag","embeddable":true,"href":"https:\/\/catolicanet.net\/wp-cnet\/wp-json\/wp\/v2\/tags?post=16871"}],"curies":[{"name":"wp","href":"https:\/\/api.w.org\/{rel}","templated":true}]}}