{"id":16846,"date":"2016-08-05T19:09:10","date_gmt":"2016-08-05T22:09:10","guid":{"rendered":"http:\/\/catolicanet.net\/wp-cnet\/2016\/08\/05\/capuchinhos-semana-biblica-nacional-dedicada-ao-levangelho-da-criacaor\/"},"modified":"2017-05-31T09:50:52","modified_gmt":"2017-05-31T12:50:52","slug":"capuchinhos-semana-biblica-nacional-dedicada-ao-levangelho-da-criacaor","status":"publish","type":"post","link":"https:\/\/catolicanet.net\/wp-cnet\/capuchinhos-semana-biblica-nacional-dedicada-ao-levangelho-da-criacaor\/","title":{"rendered":"Capuchinhos: Semana B\u00edblica Nacional dedicada ao \u00abEvangelho da cria\u00e7\u00e3o\u00bb"},"content":{"rendered":"<p style=\"text-align: justify;\"><img decoding=\"async\" src=\"http:\/\/www.catolicanet.com.br\/images\/stories\/noticias\/semana_biblica_nacional_2016.png\" border=\"0\" align=\"left\" \/>De 28 de agosto a 01 de setembro, na Casa do Verbo Divino em F\u00e1tima<\/p>\n<p>F\u00e1tima, Santar\u00e9m, 05 ago 2016 (Ecclesia) \u2013 O Secretariado do Movimento B\u00edblico, dos Franciscanos Capuchinhos, informa que o tema da 39.\u00aa Semana B\u00edblica Nacional \u00e9 \u2018O Evangelho da cria\u00e7\u00e3o\u2019 e surge no contexto da Enc\u00edclica papal \u2018Laudato Si\u2019.<\/p>\n<p>Num comunicado enviado \u00e0 Ag\u00eancia ECCLESIA, o frade Capuchinho Manuel Arantes da Silva, refere que \u201cdescobrir\u201d o sentido b\u00edblico da cria\u00e7\u00e3o e \u201cas respostas da ci\u00eancia e da f\u00e9 aos problemas da ecologia\u201d \u00e9 o objetivo principal da Semana B\u00edblica Nacional, que vai decorrer em F\u00e1tima.<\/p>\n<p>O encontro realiza-se na Casa do Verbo Divino, de 28 de agosto a 01 de setembro, e segundo o sacerdote a import\u00e2ncia do tema \u201cdispensa toda e qualquer justifica\u00e7\u00e3o\u201d assinalando que as \u201ctransforma\u00e7\u00f5es r\u00e1pidas\u201d, em todos os setores da vida, \u201crepercutem-se tamb\u00e9m no planeta\u201d.<\/p>\n<p>O programa que contempla \u201cv\u00e1rios tempos de ora\u00e7\u00e3o\u201d &#8211; \u201ccom a B\u00edblia na m\u00e3o e o Deus da B\u00edblia no cora\u00e7\u00e3o\u201d \u2013 ap\u00f3s a abertura conta com a sauda\u00e7\u00e3o do ministro provincial, frei Fernando Alberto Cabecinhas, \u00e0s 21h15, do dia 28.<\/p>\n<p>O comunicado destaca ainda alguns subtemas e conferencistas da 39.\u00aa semana nacional de estudos b\u00edblicos, este ano dedicada ao \u2018Evangelho da Cria\u00e7\u00e3o\u2019, como: \u201cO rosto do Deus criador\u201d pelo frei Carmelita Descal\u00e7o Armindo Vaz; os \u201cSalmos da Cria\u00e7\u00e3o\u201d pelo padre Capuchinho Herculano Alves.<\/p>\n<p>Na ter\u00e7a-feira, dia 30, a partir das 15h00, destaca-se a mesa-redonda \u2018Leituras do livro da cria\u00e7\u00e3o\u2019 que vai reunir Jos\u00e9 Manuel Alho, na vertente cient\u00edfica, a engenheira florestal Margarida Alvim, da Funda\u00e7\u00e3o cat\u00f3lica \u2018F\u00e9 e Coopera\u00e7\u00e3o, e o frei Ac\u00edlio Mendes sobre o franciscano.<\/p>\n<p>O bispo de Lamego, D, Ant\u00f4nio Couto, apresenta no dia seguinte uma reflex\u00e3o sobre \u201cCristo, o primog\u00eanito de toda a criatura\u201d, \u00e0s 09h30, e o frei Fernando Ventura vai falar sobre \u201cnovos C\u00e9us e nova Terra\u201d, a partir das 15h00.<\/p>\n<p>No \u00faltimo dia, 01 de setembro, antes da Eucaristia de Encerramento, \u00e0s 11h00, o bispo auxiliar de Braga, D. Francisco Senra, vai apresentar o subtema \u201cDa \u00abPacem in Terris\u00bb \u00e0 \u00abLaudato Si\u00bb\u201d, a partir das 09h30.<\/p>\n<p>Com o prop\u00f3sito de ser uma \u201cs\u00e9ria reflex\u00e3o\u201d que ajude todos a contemplar o mundo com um olhar mais sapiente e franciscano, a 39.\u00aa Semana B\u00edblica Nacional com o tema \u2018Evangelho da Cria\u00e7\u00e3o\u2019 realiza-se entre 28 de agosto e 01 de setembro, na Casa do Verbo Divino, em F\u00e1tima.<\/p>\n<p style=\"text-align: justify;\">\u00a0<\/p>\n<p style=\"text-align: justify;\">Fonte: Ag\u00eancia Ecclesia<\/p>\n","protected":false},"excerpt":{"rendered":"<p>De 28 de agosto a 01 de setembro, na Casa do Verbo Divino em F\u00e1tima F\u00e1tima, Santar\u00e9m, 05 ago 2016 (Ecclesia) \u2013 O Secretariado do Movimento B\u00edblico, dos Franciscanos Capuchinhos, informa que o tema da 39.\u00aa Semana B\u00edblica Nacional \u00e9 \u2018O Evangelho da cria\u00e7\u00e3o\u2019 e surge no contexto da Enc\u00edclica papal \u2018Laudato Si\u2019. Num comunicado [&hellip;]<\/p>\n","protected":false},"author":1,"featured_media":16845,"comment_status":"open","ping_status":"open","sticky":false,"template":"","format":"standard","meta":{"footnotes":""},"categories":[4],"tags":[],"class_list":["post-16846","post","type-post","status-publish","format-standard","has-post-thumbnail","hentry","category-cotidiano"],"_links":{"self":[{"href":"https:\/\/catolicanet.net\/wp-cnet\/wp-json\/wp\/v2\/posts\/16846","targetHints":{"allow":["GET"]}}],"collection":[{"href":"https:\/\/catolicanet.net\/wp-cnet\/wp-json\/wp\/v2\/posts"}],"about":[{"href":"https:\/\/catolicanet.net\/wp-cnet\/wp-json\/wp\/v2\/types\/post"}],"author":[{"embeddable":true,"href":"https:\/\/catolicanet.net\/wp-cnet\/wp-json\/wp\/v2\/users\/1"}],"replies":[{"embeddable":true,"href":"https:\/\/catolicanet.net\/wp-cnet\/wp-json\/wp\/v2\/comments?post=16846"}],"version-history":[{"count":1,"href":"https:\/\/catolicanet.net\/wp-cnet\/wp-json\/wp\/v2\/posts\/16846\/revisions"}],"predecessor-version":[{"id":25466,"href":"https:\/\/catolicanet.net\/wp-cnet\/wp-json\/wp\/v2\/posts\/16846\/revisions\/25466"}],"wp:featuredmedia":[{"embeddable":true,"href":"https:\/\/catolicanet.net\/wp-cnet\/wp-json\/wp\/v2\/media\/16845"}],"wp:attachment":[{"href":"https:\/\/catolicanet.net\/wp-cnet\/wp-json\/wp\/v2\/media?parent=16846"}],"wp:term":[{"taxonomy":"category","embeddable":true,"href":"https:\/\/catolicanet.net\/wp-cnet\/wp-json\/wp\/v2\/categories?post=16846"},{"taxonomy":"post_tag","embeddable":true,"href":"https:\/\/catolicanet.net\/wp-cnet\/wp-json\/wp\/v2\/tags?post=16846"}],"curies":[{"name":"wp","href":"https:\/\/api.w.org\/{rel}","templated":true}]}}