{"id":16842,"date":"2016-08-05T18:36:09","date_gmt":"2016-08-05T21:36:09","guid":{"rendered":"http:\/\/catolicanet.net\/wp-cnet\/2016\/08\/05\/iconografia-de-aparecida\/"},"modified":"2017-05-31T09:50:53","modified_gmt":"2017-05-31T12:50:53","slug":"iconografia-de-aparecida","status":"publish","type":"post","link":"https:\/\/catolicanet.net\/wp-cnet\/iconografia-de-aparecida\/","title":{"rendered":"Iconografia de Aparecida"},"content":{"rendered":"<p style=\"text-align: justify;\"><img decoding=\"async\" src=\"http:\/\/www.catolicanet.com.br\/images\/stories\/noticias\/9788534943857.jpg\" border=\"0\" align=\"left\" \/><\/p>\n<p style=\"text-align: justify;\">Sinopse<\/p>\n<p style=\"text-align: justify;\">\u00a0<\/p>\n<p style=\"text-align: justify;\">A obra \u00e9 fruto da reflex\u00e3o e pesquisa sobre o tema da iconografia de Nossa Senhora Aparecida. Atrav\u00e9s da contribui\u00e7\u00e3o de te\u00f3logos, historiadores e especialistas em arte sacra, podemos compreender a teologia da imagem de Maria, numa abordagem b\u00edblica, teol\u00f3gica e pastoral, partindo da imagem de Aparecida e de sua mensagem para a caminhada de f\u00e9 da Igreja. Os textos publicados foram apresentados no IX Congresso Mariol\u00f3gico, realizado em Aparecida, cujo tema foi \u201cA iconografia de Aparecida \u2013 A teologia da imagem\u201d.<\/p>\n<p style=\"text-align: justify;\">\u00a0<\/p>\n<p style=\"text-align: justify;\">\u00a0<\/p>\n<p style=\"text-align: justify;\">\u00a0<\/p>\n<p style=\"text-align: justify;\">\u00a0<\/p>\n<p style=\"text-align: justify;\">Fonte: Editora Paulus<\/p>\n","protected":false},"excerpt":{"rendered":"<p>Sinopse \u00a0 A obra \u00e9 fruto da reflex\u00e3o e pesquisa sobre o tema da iconografia de Nossa Senhora Aparecida. Atrav\u00e9s da contribui\u00e7\u00e3o de te\u00f3logos, historiadores e especialistas em arte sacra, podemos compreender a teologia da imagem de Maria, numa abordagem b\u00edblica, teol\u00f3gica e pastoral, partindo da imagem de Aparecida e de sua mensagem para a [&hellip;]<\/p>\n","protected":false},"author":1,"featured_media":16841,"comment_status":"open","ping_status":"open","sticky":false,"template":"","format":"standard","meta":{"footnotes":""},"categories":[4],"tags":[],"class_list":["post-16842","post","type-post","status-publish","format-standard","has-post-thumbnail","hentry","category-cotidiano"],"_links":{"self":[{"href":"https:\/\/catolicanet.net\/wp-cnet\/wp-json\/wp\/v2\/posts\/16842","targetHints":{"allow":["GET"]}}],"collection":[{"href":"https:\/\/catolicanet.net\/wp-cnet\/wp-json\/wp\/v2\/posts"}],"about":[{"href":"https:\/\/catolicanet.net\/wp-cnet\/wp-json\/wp\/v2\/types\/post"}],"author":[{"embeddable":true,"href":"https:\/\/catolicanet.net\/wp-cnet\/wp-json\/wp\/v2\/users\/1"}],"replies":[{"embeddable":true,"href":"https:\/\/catolicanet.net\/wp-cnet\/wp-json\/wp\/v2\/comments?post=16842"}],"version-history":[{"count":1,"href":"https:\/\/catolicanet.net\/wp-cnet\/wp-json\/wp\/v2\/posts\/16842\/revisions"}],"predecessor-version":[{"id":25468,"href":"https:\/\/catolicanet.net\/wp-cnet\/wp-json\/wp\/v2\/posts\/16842\/revisions\/25468"}],"wp:featuredmedia":[{"embeddable":true,"href":"https:\/\/catolicanet.net\/wp-cnet\/wp-json\/wp\/v2\/media\/16841"}],"wp:attachment":[{"href":"https:\/\/catolicanet.net\/wp-cnet\/wp-json\/wp\/v2\/media?parent=16842"}],"wp:term":[{"taxonomy":"category","embeddable":true,"href":"https:\/\/catolicanet.net\/wp-cnet\/wp-json\/wp\/v2\/categories?post=16842"},{"taxonomy":"post_tag","embeddable":true,"href":"https:\/\/catolicanet.net\/wp-cnet\/wp-json\/wp\/v2\/tags?post=16842"}],"curies":[{"name":"wp","href":"https:\/\/api.w.org\/{rel}","templated":true}]}}