{"id":16826,"date":"2016-08-05T16:24:52","date_gmt":"2016-08-05T19:24:52","guid":{"rendered":"http:\/\/catolicanet.net\/wp-cnet\/2016\/08\/05\/chuva-de-vocacoes-apos-a-jmj-7-mil-jovens-dizem-sim-a-deus\/"},"modified":"2017-05-31T13:35:50","modified_gmt":"2017-05-31T16:35:50","slug":"chuva-de-vocacoes-apos-a-jmj-7-mil-jovens-dizem-sim-a-deus","status":"publish","type":"post","link":"https:\/\/catolicanet.net\/wp-cnet\/chuva-de-vocacoes-apos-a-jmj-7-mil-jovens-dizem-sim-a-deus\/","title":{"rendered":"\u201cChuva\u201d de voca\u00e7\u00f5es ap\u00f3s a JMJ: 7 mil jovens dizem sim a Deus"},"content":{"rendered":"<p style=\"text-align: justify;\"><img decoding=\"async\" src=\"http:\/\/www.catolicanet.com.br\/images\/stories\/noticias\/caminoneocatecumenal_alvarodejuana030816.jpg\" border=\"0\" align=\"left\" \/>Em um encontro vocacional do Caminho Neocatecumenal que reuniu aproximadamente 200.000 jovens em Crac\u00f3via (Pol\u00f4nia), 3.100 homens, 4.000 mulheres e 2.000 fam\u00edlias se mostraram dispostos a entrar em um semin\u00e1rio, na vida religiosa ou sair em miss\u00e3o para qualquer lugar do mundo.<\/p>\n<p>O encontro foi realizado por ocasi\u00e3o da Jornada Mundial da Juventude (JMJ) de Crac\u00f3via, ocorrida na semana passada na cidade polonesa e que contou com a participa\u00e7\u00e3o do Papa Francisco.<\/p>\n<p>O evento do Caminho aconteceu em uma \u00e1rea do Campus Misericordiae, o mesmo local no qual foi celebrada a Vig\u00edlia e a Missa de encerramento da JMJ.<\/p>\n<p>Participaram deste encontro 8 cardeais e 33 bispos de diversos pa\u00edses, entre eles o Arcebispo de Crac\u00f3via, Cardeal Stanislaw Dziwisz (Pol\u00f4nia), que presidiu o encontro; o Arcebispo de Boston (Estados Unidos), Cardeal Sean O\u2019Malley; o Arcebispo Em\u00e9rito de Madri (Espanha), Cardeal Antonio Maria Rouco Varela; entre outros. Tamb\u00e9m estiveram presentes v\u00e1rias autoridades civis da Pol\u00f4nia.<\/p>\n<p>O encontro foi guiado pelo iniciador do Caminho Neocatecumenal, Kiko Arg\u00fcello, e o Pe. Mario Pezzi, respons\u00e1veis a n\u00edvel mundial desta inicia\u00e7\u00e3o crist\u00e3 de adultos. \u201cUm grande aplauso ao Papa Francisco, que voc\u00eas n\u00e3o podem imaginar como gosta do Caminho\u201d, disse Arg\u00fcello no in\u00edcio do evento, ao recordar que o Pont\u00edfice os recebeu em audi\u00eancia h\u00e1 apenas algumas semanas.<\/p>\n<p style=\"text-align: justify;\">\u00a0<\/p>\n<p style=\"text-align: justify;\">Fonte: Acidigital<\/p>\n","protected":false},"excerpt":{"rendered":"<p>Em um encontro vocacional do Caminho Neocatecumenal que reuniu aproximadamente 200.000 jovens em Crac\u00f3via (Pol\u00f4nia), 3.100 homens, 4.000 mulheres e 2.000 fam\u00edlias se mostraram dispostos a entrar em um semin\u00e1rio, na vida religiosa ou sair em miss\u00e3o para qualquer lugar do mundo. O encontro foi realizado por ocasi\u00e3o da Jornada Mundial da Juventude (JMJ) de [&hellip;]<\/p>\n","protected":false},"author":1,"featured_media":16825,"comment_status":"open","ping_status":"open","sticky":false,"template":"","format":"standard","meta":{"footnotes":""},"categories":[4],"tags":[],"class_list":["post-16826","post","type-post","status-publish","format-standard","has-post-thumbnail","hentry","category-cotidiano"],"_links":{"self":[{"href":"https:\/\/catolicanet.net\/wp-cnet\/wp-json\/wp\/v2\/posts\/16826","targetHints":{"allow":["GET"]}}],"collection":[{"href":"https:\/\/catolicanet.net\/wp-cnet\/wp-json\/wp\/v2\/posts"}],"about":[{"href":"https:\/\/catolicanet.net\/wp-cnet\/wp-json\/wp\/v2\/types\/post"}],"author":[{"embeddable":true,"href":"https:\/\/catolicanet.net\/wp-cnet\/wp-json\/wp\/v2\/users\/1"}],"replies":[{"embeddable":true,"href":"https:\/\/catolicanet.net\/wp-cnet\/wp-json\/wp\/v2\/comments?post=16826"}],"version-history":[{"count":1,"href":"https:\/\/catolicanet.net\/wp-cnet\/wp-json\/wp\/v2\/posts\/16826\/revisions"}],"predecessor-version":[{"id":25472,"href":"https:\/\/catolicanet.net\/wp-cnet\/wp-json\/wp\/v2\/posts\/16826\/revisions\/25472"}],"wp:featuredmedia":[{"embeddable":true,"href":"https:\/\/catolicanet.net\/wp-cnet\/wp-json\/wp\/v2\/media\/16825"}],"wp:attachment":[{"href":"https:\/\/catolicanet.net\/wp-cnet\/wp-json\/wp\/v2\/media?parent=16826"}],"wp:term":[{"taxonomy":"category","embeddable":true,"href":"https:\/\/catolicanet.net\/wp-cnet\/wp-json\/wp\/v2\/categories?post=16826"},{"taxonomy":"post_tag","embeddable":true,"href":"https:\/\/catolicanet.net\/wp-cnet\/wp-json\/wp\/v2\/tags?post=16826"}],"curies":[{"name":"wp","href":"https:\/\/api.w.org\/{rel}","templated":true}]}}