{"id":16818,"date":"2016-08-05T14:04:06","date_gmt":"2016-08-05T17:04:06","guid":{"rendered":"http:\/\/catolicanet.net\/wp-cnet\/2016\/08\/05\/em-assis-papa-francisco-pede-para-nao-viver-fechados-no-rancor-e-abrir-se-ao-perdao\/"},"modified":"2017-05-29T16:22:04","modified_gmt":"2017-05-29T19:22:04","slug":"em-assis-papa-francisco-pede-para-nao-viver-fechados-no-rancor-e-abrir-se-ao-perdao","status":"publish","type":"post","link":"https:\/\/catolicanet.net\/wp-cnet\/em-assis-papa-francisco-pede-para-nao-viver-fechados-no-rancor-e-abrir-se-ao-perdao\/","title":{"rendered":"Em Assis, Papa Francisco pede para n\u00e3o viver fechados no rancor e abrir-se ao perd\u00e3o"},"content":{"rendered":"<p style=\"text-align: justify;\"><img decoding=\"async\" src=\"http:\/\/www.catolicanet.com.br\/images\/stories\/papas\/papaasis_040816.jpg\" border=\"0\" align=\"left\" \/>O Papa Francisco chegou nesta quinta-feira, 4, \u00e0 Bas\u00edlica de Santa Maria dos Anjos, em Assis (It\u00e1lia), para celebrar os 800 anos da \u201cPerd\u00e3o de Assis\u201d e rezar em sil\u00eancio na Porci\u00fancula, de onde exortou as pessoas a n\u00e3o viver fechadas no rancor, pois o perd\u00e3o \u00e9 a via mestra para chegar ao para\u00edso.<\/p>\n<p>A festa do \u201cPerd\u00e3o de Assis\u201d comemora a indulg\u00eancia plen\u00e1ria concedida em 1216 pelo Papa Hon\u00f3rio III a pedido de S\u00e3o Francisco.<\/p>\n<p>O Papa Francisco foi recebido em Assis pelo Arcebispo de Assis-Nocera Umbra-Gualdo, Dom Domenico Sorrentino; pela Presidente da Regi\u00e3o de \u00dambria, Catiuscia Marini; o prefeito de Perugia, Raffaele Cannizzaro; e a prefeita de Assis, Stefania Proietti.<\/p>\n<p>Em seguida, foi recebido na Bas\u00edlica pelo Ministro Geral da Ordem Franciscana dos Frades Menores, Pe. Michael Anthony Perry; o Ministro Provincial, Pe. Claudio Durighetto; o Cust\u00f3dio da Porci\u00fancula, Pe. Ros\u00e1rio Gugliotta.<\/p>\n<p>Depois, o Pont\u00edfice ingressou na Porci\u00fancula, uma pequena capela dentro da bas\u00edlica e cujo nome significa \u201cpequena por\u00e7\u00e3o de terra\u201d.<\/p>\n<p>Neste lugar, rezou em silencio por v\u00e1rios minutos e, em seguida, fez uma medita\u00e7\u00e3o sobre a par\u00e1bola dos dois devedores, que conta como um servo, a quem o rei perdoou uma grande d\u00edvida, n\u00e3o soube ser misericordioso com outra pessoa que lhe devia uma quantidade de dinheiro muito menor.<\/p>\n<p>O Papa explicou que nesta par\u00e1bola \u201cJesus nos ensina a perdoar\u201d e, portanto, \u201ccomo Deus nos perdoa, assim tamb\u00e9m devemos perdoar a quem nos faz mal\u201d.<\/p>\n<p style=\"text-align: justify;\">\u00a0<\/p>\n<p style=\"text-align: justify;\">Fonte: Acidigital<\/p>\n","protected":false},"excerpt":{"rendered":"<p>O Papa Francisco chegou nesta quinta-feira, 4, \u00e0 Bas\u00edlica de Santa Maria dos Anjos, em Assis (It\u00e1lia), para celebrar os 800 anos da \u201cPerd\u00e3o de Assis\u201d e rezar em sil\u00eancio na Porci\u00fancula, de onde exortou as pessoas a n\u00e3o viver fechadas no rancor, pois o perd\u00e3o \u00e9 a via mestra para chegar ao para\u00edso. A [&hellip;]<\/p>\n","protected":false},"author":1,"featured_media":16817,"comment_status":"open","ping_status":"open","sticky":false,"template":"","format":"standard","meta":{"footnotes":""},"categories":[3],"tags":[],"class_list":["post-16818","post","type-post","status-publish","format-standard","has-post-thumbnail","hentry","category-vaticano"],"_links":{"self":[{"href":"https:\/\/catolicanet.net\/wp-cnet\/wp-json\/wp\/v2\/posts\/16818","targetHints":{"allow":["GET"]}}],"collection":[{"href":"https:\/\/catolicanet.net\/wp-cnet\/wp-json\/wp\/v2\/posts"}],"about":[{"href":"https:\/\/catolicanet.net\/wp-cnet\/wp-json\/wp\/v2\/types\/post"}],"author":[{"embeddable":true,"href":"https:\/\/catolicanet.net\/wp-cnet\/wp-json\/wp\/v2\/users\/1"}],"replies":[{"embeddable":true,"href":"https:\/\/catolicanet.net\/wp-cnet\/wp-json\/wp\/v2\/comments?post=16818"}],"version-history":[{"count":1,"href":"https:\/\/catolicanet.net\/wp-cnet\/wp-json\/wp\/v2\/posts\/16818\/revisions"}],"predecessor-version":[{"id":24248,"href":"https:\/\/catolicanet.net\/wp-cnet\/wp-json\/wp\/v2\/posts\/16818\/revisions\/24248"}],"wp:featuredmedia":[{"embeddable":true,"href":"https:\/\/catolicanet.net\/wp-cnet\/wp-json\/wp\/v2\/media\/16817"}],"wp:attachment":[{"href":"https:\/\/catolicanet.net\/wp-cnet\/wp-json\/wp\/v2\/media?parent=16818"}],"wp:term":[{"taxonomy":"category","embeddable":true,"href":"https:\/\/catolicanet.net\/wp-cnet\/wp-json\/wp\/v2\/categories?post=16818"},{"taxonomy":"post_tag","embeddable":true,"href":"https:\/\/catolicanet.net\/wp-cnet\/wp-json\/wp\/v2\/tags?post=16818"}],"curies":[{"name":"wp","href":"https:\/\/api.w.org\/{rel}","templated":true}]}}