{"id":1681,"date":"2012-04-24T18:06:07","date_gmt":"2012-04-24T21:06:07","guid":{"rendered":"http:\/\/catolicanet.net\/wp-cnet\/qa-igreja-e-jovemq-sete-anos-atras-a-missa-de-inicio-pontificado-de-bento-xvi\/"},"modified":"2017-03-21T09:42:19","modified_gmt":"2017-03-21T12:42:19","slug":"qa-igreja-e-jovemq-sete-anos-atras-a-missa-de-inicio-pontificado-de-bento-xvi","status":"publish","type":"post","link":"https:\/\/catolicanet.net\/wp-cnet\/qa-igreja-e-jovemq-sete-anos-atras-a-missa-de-inicio-pontificado-de-bento-xvi\/","title":{"rendered":"&#8220;A Igreja \u00e9 jovem&#8221;: sete anos atr\u00e1s, a Missa de in\u00edcio Pontificado de Bento XVI"},"content":{"rendered":"<p style=\"text-align: justify;\"><img decoding=\"async\" src=\"images\/stories\/bentoxvi.jpg\" border=\"0\" align=\"left\" \/>Celebra-se nesta ter\u00e7a-feira o s\u00e9timo anivers\u00e1rio da Missa de in\u00edcio Pontificado de Bento XVI. Celebra\u00e7\u00e3o que em 24 de abril de 2005 teve a participa\u00e7\u00e3o de mais de 300 mil pessoas na Pra\u00e7a S\u00e3o Pedro e Via da Concilia\u00e7\u00e3o art\u00e9ria principal que d\u00e1 acesso ao Vaticano. &#8220;A Igreja \u00e9 jovem&#8221;, afirmou o Papa na homilia, &#8220;quem cr\u00ea jamais est\u00e1 sozinho&#8221;. Recordemos algumas passagens candentes da homilia daquela celebra\u00e7\u00e3o.<\/p>\n<p>&#8220;Tu es Petrus&#8221;: o povo de Deus acolheu com alegria o novo Pont\u00edfice, &#8220;humilde trabalhador na vinha do Senhor&#8221;. Na manh\u00e3 de 24 de abril de 2005 a Pra\u00e7a S\u00e3o Pedro lotada de fi\u00e9is e peregrinos de todas as partes do mundo  estava em festa, ornamentada com cerca de 20 mil flores. Do Balc\u00e3o da Bas\u00edlica Vaticana, sob o bras\u00e3o do Pontificado, uma representa\u00e7\u00e3o da pesca milagrosa que mostra Jesus em di\u00e1logo com o Ap\u00f3stolo Pedro.<\/p>\n<p>Bento XVI, em sua homilia interrompida 37 vezes pelos aplausos, logo no come\u00e7o confiou com qual esp\u00edrito iniciava o seu minist\u00e9rio de Pastor universal da Igreja:<\/p>\n<p>&#8220;O meu verdadeiro programa de governo \u00e9 n\u00e3o fazer a minha vontade, n\u00e3o seguir as minhas id\u00e9ias, mas colocar-me \u00e0 escuta, com toda a Igreja, da palavra e da vontade do Senhor e deixar-me conduzir por Ele, de modo que seja Ele mesmo a conduzir a Igreja nesta ora da nossa hist\u00f3ria.&#8221;<\/p>\n<p>O Papa usou palavras de esperan\u00e7a, encorajou a ter confian\u00e7a no futuro, porque ressaltou &#8220;quem cr\u00ea jamais est\u00e1 sozinho, jamais o est\u00e1 na vida e nem na morte&#8221;. Uma esperan\u00e7a que nasce da certeza no Ressuscitado. Cristo \u00e9 vivo e tamb\u00e9m a sua Igreja:<\/p>\n<p>&#8220;Sim, a Igreja \u00e9 viva. E a Igreja \u00e9 jovem. Ela porta em si o futuro do mundo e, por isso, mostra tamb\u00e9m a cada um de n\u00f3s o caminho rumo ao futuro.&#8221;<\/p>\n<p>Bento XVI deteve-se sobre o seu minist\u00e9rio de pastor, chamado a procurar as ovelhas perdidas nos muitos desertos da nossa humanidade. Desertos de solid\u00e3o, de abandono, de amor destru\u00eddo. &#8220;A santa inquietude de Cristo afirmou o Papa deve animar o pastor.&#8221; Mas para fazer isso n\u00e3o bastam as for\u00e7as humanas:<\/p>\n<p>&#8220;Rezem por mim para que eu aprenda a amar sempre mais o seu rebanho voc\u00eas, a Santa Igreja, cada um individualmente, e todos juntos. Rezem por mim para que eu n\u00e3o fuja, com medo, diante dos lobos.&#8221;<\/p>\n<p>&#8220;Quem deixa Cristo entrar&#8221; em sua vida  reiterou n\u00e3o perde nada. Ali\u00e1s, somente na amizade com Jesus &#8220;se abrem realmente as grandes potencialidade da condi\u00e7\u00e3o humana&#8221;. Por fim, nas pegadas de seu amado predecessor, dirigiu um pensamento especial aos jovens:<\/p>\n<p>&#8220;Somente nessa amizade n\u00f3s experimentamos aquilo que \u00e9 belo e aquilo que liberta. Assim, hoje, gostaria com grande for\u00e7a e convic\u00e7\u00e3o, a partir da experi\u00eancia de uma longa vida pessoal de dizer a voc\u00eas, caros jovens: n\u00e3o tenham medo de Cristo! Ele n\u00e3o tira nada, e d\u00e1 tudo. Quem se doa a Ele recebe o c\u00eantuplo. Sim, abram, escancarem as portas a Cristo e encontrar\u00e3o a verdadeira vida.&#8221;<\/p>\n","protected":false},"excerpt":{"rendered":"<p>Celebra-se nesta ter\u00e7a-feira o s\u00e9timo anivers\u00e1rio da Missa de in\u00edcio Pontificado de Bento XVI. Celebra\u00e7\u00e3o que em 24 de abril de 2005 teve a participa\u00e7\u00e3o de mais de 300 mil pessoas na Pra\u00e7a S\u00e3o Pedro e Via da Concilia\u00e7\u00e3o art\u00e9ria principal que d\u00e1 acesso ao Vaticano. &#8220;A Igreja \u00e9 jovem&#8221;, afirmou o Papa na homilia, [&hellip;]<\/p>\n","protected":false},"author":1,"featured_media":1680,"comment_status":"closed","ping_status":"closed","sticky":false,"template":"","format":"standard","meta":{"footnotes":""},"categories":[3],"tags":[],"class_list":["post-1681","post","type-post","status-publish","format-standard","has-post-thumbnail","hentry","category-vaticano"],"_links":{"self":[{"href":"https:\/\/catolicanet.net\/wp-cnet\/wp-json\/wp\/v2\/posts\/1681","targetHints":{"allow":["GET"]}}],"collection":[{"href":"https:\/\/catolicanet.net\/wp-cnet\/wp-json\/wp\/v2\/posts"}],"about":[{"href":"https:\/\/catolicanet.net\/wp-cnet\/wp-json\/wp\/v2\/types\/post"}],"author":[{"embeddable":true,"href":"https:\/\/catolicanet.net\/wp-cnet\/wp-json\/wp\/v2\/users\/1"}],"replies":[{"embeddable":true,"href":"https:\/\/catolicanet.net\/wp-cnet\/wp-json\/wp\/v2\/comments?post=1681"}],"version-history":[{"count":1,"href":"https:\/\/catolicanet.net\/wp-cnet\/wp-json\/wp\/v2\/posts\/1681\/revisions"}],"predecessor-version":[{"id":6817,"href":"https:\/\/catolicanet.net\/wp-cnet\/wp-json\/wp\/v2\/posts\/1681\/revisions\/6817"}],"wp:featuredmedia":[{"embeddable":true,"href":"https:\/\/catolicanet.net\/wp-cnet\/wp-json\/wp\/v2\/media\/1680"}],"wp:attachment":[{"href":"https:\/\/catolicanet.net\/wp-cnet\/wp-json\/wp\/v2\/media?parent=1681"}],"wp:term":[{"taxonomy":"category","embeddable":true,"href":"https:\/\/catolicanet.net\/wp-cnet\/wp-json\/wp\/v2\/categories?post=1681"},{"taxonomy":"post_tag","embeddable":true,"href":"https:\/\/catolicanet.net\/wp-cnet\/wp-json\/wp\/v2\/tags?post=1681"}],"curies":[{"name":"wp","href":"https:\/\/api.w.org\/{rel}","templated":true}]}}