{"id":16777,"date":"2016-08-03T17:32:48","date_gmt":"2016-08-03T20:32:48","guid":{"rendered":"http:\/\/catolicanet.net\/wp-cnet\/2016\/08\/03\/asiaindia-ressarcimentos-mais-elevados-para-os-cristaos-vitimas-dos-massacres-de-orissa\/"},"modified":"2017-05-31T09:52:37","modified_gmt":"2017-05-31T12:52:37","slug":"asiaindia-ressarcimentos-mais-elevados-para-os-cristaos-vitimas-dos-massacres-de-orissa","status":"publish","type":"post","link":"https:\/\/catolicanet.net\/wp-cnet\/asiaindia-ressarcimentos-mais-elevados-para-os-cristaos-vitimas-dos-massacres-de-orissa\/","title":{"rendered":"\u00c1SIA\/\u00cdNDIA &#8211; Ressarcimentos mais elevados para os crist\u00e3os, v\u00edtimas dos massacres de Orissa"},"content":{"rendered":"<p style=\"text-align: justify;\"><img decoding=\"async\" src=\"http:\/\/www.catolicanet.com.br\/images\/stories\/noticias\/primopiano_2211.jpg\" border=\"0\" align=\"left\" \/>Bhubaneswar (Ag\u00eancia Fides) \u2013 Vit\u00f3ria judicial para as v\u00edtimas crist\u00e3s dos massacres em Orissa: como apurado por Fides, a Corte Suprema da \u00cdndia, considerando \u201cinadequados\u201d os ressarcimentos feitos at\u00e9 ent\u00e3o, ordenou ao governo do Estado de Orissa que proceda a um ressarcimento suplementar para as fam\u00edlias crist\u00e3s que, em 2008, foram v\u00edtimas de uma verdadeira &#8220;limpeza \u00e9tnica&#8221;, ocorrida no distrito de Kandhamal, levada avante com base religiosa para libertar o territ\u00f3rio dos cidad\u00e3os de f\u00e9 crist\u00e3.<br \/>O veredicto pronunciado pela Corte foi decidido depois de um recurso apresentado pelo Arcebispo Raphel Cheenath. A Igreja local acolheu favoravelmente a decis\u00e3o.<br \/>Falando \u00e0 Fides, Sajan K. George, presidente do \u201cConselho global dos crist\u00e3os indianos\u201d (Gcic) afirma: \u201c\u00c9 um passo avante na justi\u00e7a para as v\u00edtimas de Kandhamal. \u00c9 um sinal positivo que a Corte Suprema da \u00cdndia reconheceu a quest\u00e3o de um pagamento injusto. O tr\u00e2mite da justi\u00e7a \u00e9 lento e inadequado, mas este \u00e9 um sinal de esperan\u00e7a\u201d.<br \/>A Igreja no estado de Orissa (no centro-leste da \u00cdndia) celebrar\u00e1 o \u201cDia dos M\u00e1rtires\u201d anualmente em 30 de agosto, no dia seguinte ao mart\u00edrio de S\u00e3o Jo\u00e3o Batista, para recordar o sacrif\u00edcio de mais de 101 pessoas que perderam a vida nos massacres anticrist\u00e3os de 2007 e 2008: a maior parte das v\u00edtimas prov\u00e9m do distrito de Kandhamal. A viol\u00eancia de 2008 causou tamb\u00e9m a destrui\u00e7\u00e3o de 8500 casas e 395 igrejas, enquanto os desalojados crist\u00e3os, expulsos de suas aldeias, foram mais de 56.000.<\/p>\n<p style=\"text-align: justify;\">\u00a0<\/p>\n<p style=\"text-align: justify;\">Fonte: Ag\u00eancia Fides<\/p>\n","protected":false},"excerpt":{"rendered":"<p>Bhubaneswar (Ag\u00eancia Fides) \u2013 Vit\u00f3ria judicial para as v\u00edtimas crist\u00e3s dos massacres em Orissa: como apurado por Fides, a Corte Suprema da \u00cdndia, considerando \u201cinadequados\u201d os ressarcimentos feitos at\u00e9 ent\u00e3o, ordenou ao governo do Estado de Orissa que proceda a um ressarcimento suplementar para as fam\u00edlias crist\u00e3s que, em 2008, foram v\u00edtimas de uma verdadeira [&hellip;]<\/p>\n","protected":false},"author":1,"featured_media":16776,"comment_status":"open","ping_status":"open","sticky":false,"template":"","format":"standard","meta":{"footnotes":""},"categories":[4],"tags":[],"class_list":["post-16777","post","type-post","status-publish","format-standard","has-post-thumbnail","hentry","category-cotidiano"],"_links":{"self":[{"href":"https:\/\/catolicanet.net\/wp-cnet\/wp-json\/wp\/v2\/posts\/16777","targetHints":{"allow":["GET"]}}],"collection":[{"href":"https:\/\/catolicanet.net\/wp-cnet\/wp-json\/wp\/v2\/posts"}],"about":[{"href":"https:\/\/catolicanet.net\/wp-cnet\/wp-json\/wp\/v2\/types\/post"}],"author":[{"embeddable":true,"href":"https:\/\/catolicanet.net\/wp-cnet\/wp-json\/wp\/v2\/users\/1"}],"replies":[{"embeddable":true,"href":"https:\/\/catolicanet.net\/wp-cnet\/wp-json\/wp\/v2\/comments?post=16777"}],"version-history":[{"count":1,"href":"https:\/\/catolicanet.net\/wp-cnet\/wp-json\/wp\/v2\/posts\/16777\/revisions"}],"predecessor-version":[{"id":25483,"href":"https:\/\/catolicanet.net\/wp-cnet\/wp-json\/wp\/v2\/posts\/16777\/revisions\/25483"}],"wp:featuredmedia":[{"embeddable":true,"href":"https:\/\/catolicanet.net\/wp-cnet\/wp-json\/wp\/v2\/media\/16776"}],"wp:attachment":[{"href":"https:\/\/catolicanet.net\/wp-cnet\/wp-json\/wp\/v2\/media?parent=16777"}],"wp:term":[{"taxonomy":"category","embeddable":true,"href":"https:\/\/catolicanet.net\/wp-cnet\/wp-json\/wp\/v2\/categories?post=16777"},{"taxonomy":"post_tag","embeddable":true,"href":"https:\/\/catolicanet.net\/wp-cnet\/wp-json\/wp\/v2\/tags?post=16777"}],"curies":[{"name":"wp","href":"https:\/\/api.w.org\/{rel}","templated":true}]}}