{"id":1676,"date":"2012-04-12T14:25:12","date_gmt":"2012-04-12T17:25:12","guid":{"rendered":"http:\/\/catolicanet.net\/wp-cnet\/pela-primeira-vez-brasil-hospedara-assembleia-da-fiuc\/"},"modified":"2017-03-21T09:41:05","modified_gmt":"2017-03-21T12:41:05","slug":"pela-primeira-vez-brasil-hospedara-assembleia-da-fiuc","status":"publish","type":"post","link":"https:\/\/catolicanet.net\/wp-cnet\/pela-primeira-vez-brasil-hospedara-assembleia-da-fiuc\/","title":{"rendered":"Pela primeira vez, Brasil hospedar\u00e1 Assembleia da FIUC"},"content":{"rendered":"<p style=\"text-align: justify;\"><img decoding=\"async\" src=\"images\/stories\/24asambleageneral.png\" border=\"0\" align=\"left\" \/>O Centro Universit\u00e1rio da Funda\u00e7\u00e3o Educacional Inaciana (FEI) sediar\u00e1 a 24\u00aa Assembleia Geral da Federa\u00e7\u00e3o Internacional das Universidades Cat\u00f3licas (FIUC). O encontro ser\u00e1 de 23 a 27 de julho de 2012, no campus S\u00e3o Bernardo (SP), e reunir\u00e1 reitores de mais de 200 universidades dos cinco continentes, que discutir\u00e3o O Ensino e o Aprendizado nas Universidades Cat\u00f3licas do S\u00e9culo XXI. <\/p>\n<p>Reconhecida pela Unesco, Organiza\u00e7\u00e3o das Na\u00e7\u00f5es Unidas no \u00e2mbito da educa\u00e7\u00e3o, ci\u00eancia e cultura, e pelo papa Pio XII, a FIUC \u00e9 a mais antiga e importante associa\u00e7\u00e3o de universidades cat\u00f3licas do mundo.<\/p>\n<p>Realizada a cada tr\u00eas anos em diferentes partes do mundo (a \u00faltima edi\u00e7\u00e3o ocorreu em novembro de 2009, em Roma, It\u00e1lia), a FIUC acontecer\u00e1 pela terceira vez no Brasil (em 1960, na PUC-RJ, e em 1978, na PUC-RS). Para ser sede do encontro, a FEI concorreu com pa\u00edses como L\u00edbano, Austr\u00e1lia e Chile. A infraestrutura da cidade de S\u00e3o Paulo e a boa rela\u00e7\u00e3o diplom\u00e1tica do Brasil com todas as na\u00e7\u00f5es contribu\u00edram na escolha do pa\u00eds. No Brasil existem 81 institui\u00e7\u00f5es cat\u00f3licas de ensino superior.<\/p>\n<p>Para a FEI, organizar a reuni\u00e3o mundial de reitores \u00e9 muito importante. Vamos tratar do aprendizado neste s\u00e9culo e como o foco da universidade cat\u00f3lica \u00e9 a pesquisa, a busca ser\u00e1 pela autonomia da raz\u00e3o humana para que desenvolva o bem-estar das pessoas plenamente articulado com sua f\u00e9 &#8211; afirma o Padre Theodoro Paulo Severino Peters, presidente do Centro Universit\u00e1rio da FEI.<\/p>\n<p>Durante encontro haver\u00e1 diversas atividades como plen\u00e1rias, din\u00e2micas de grupos tem\u00e1ticos e regionais e visitas a cidades como Aparecida, no estado de S\u00e3o Paulo.<\/p>\n","protected":false},"excerpt":{"rendered":"<p>O Centro Universit\u00e1rio da Funda\u00e7\u00e3o Educacional Inaciana (FEI) sediar\u00e1 a 24\u00aa Assembleia Geral da Federa\u00e7\u00e3o Internacional das Universidades Cat\u00f3licas (FIUC). O encontro ser\u00e1 de 23 a 27 de julho de 2012, no campus S\u00e3o Bernardo (SP), e reunir\u00e1 reitores de mais de 200 universidades dos cinco continentes, que discutir\u00e3o O Ensino e o Aprendizado nas [&hellip;]<\/p>\n","protected":false},"author":1,"featured_media":1675,"comment_status":"closed","ping_status":"closed","sticky":false,"template":"","format":"standard","meta":{"footnotes":""},"categories":[4],"tags":[],"class_list":["post-1676","post","type-post","status-publish","format-standard","has-post-thumbnail","hentry","category-cotidiano"],"_links":{"self":[{"href":"https:\/\/catolicanet.net\/wp-cnet\/wp-json\/wp\/v2\/posts\/1676","targetHints":{"allow":["GET"]}}],"collection":[{"href":"https:\/\/catolicanet.net\/wp-cnet\/wp-json\/wp\/v2\/posts"}],"about":[{"href":"https:\/\/catolicanet.net\/wp-cnet\/wp-json\/wp\/v2\/types\/post"}],"author":[{"embeddable":true,"href":"https:\/\/catolicanet.net\/wp-cnet\/wp-json\/wp\/v2\/users\/1"}],"replies":[{"embeddable":true,"href":"https:\/\/catolicanet.net\/wp-cnet\/wp-json\/wp\/v2\/comments?post=1676"}],"version-history":[{"count":1,"href":"https:\/\/catolicanet.net\/wp-cnet\/wp-json\/wp\/v2\/posts\/1676\/revisions"}],"predecessor-version":[{"id":6816,"href":"https:\/\/catolicanet.net\/wp-cnet\/wp-json\/wp\/v2\/posts\/1676\/revisions\/6816"}],"wp:featuredmedia":[{"embeddable":true,"href":"https:\/\/catolicanet.net\/wp-cnet\/wp-json\/wp\/v2\/media\/1675"}],"wp:attachment":[{"href":"https:\/\/catolicanet.net\/wp-cnet\/wp-json\/wp\/v2\/media?parent=1676"}],"wp:term":[{"taxonomy":"category","embeddable":true,"href":"https:\/\/catolicanet.net\/wp-cnet\/wp-json\/wp\/v2\/categories?post=1676"},{"taxonomy":"post_tag","embeddable":true,"href":"https:\/\/catolicanet.net\/wp-cnet\/wp-json\/wp\/v2\/tags?post=1676"}],"curies":[{"name":"wp","href":"https:\/\/api.w.org\/{rel}","templated":true}]}}