{"id":16738,"date":"2016-08-02T16:30:52","date_gmt":"2016-08-02T19:30:52","guid":{"rendered":"http:\/\/catolicanet.net\/wp-cnet\/2016\/08\/02\/faleceu-o-cardeal-franciszek-macharski-arcebispo-emerito-de-cracovia\/"},"modified":"2017-05-29T16:24:05","modified_gmt":"2017-05-29T19:24:05","slug":"faleceu-o-cardeal-franciszek-macharski-arcebispo-emerito-de-cracovia","status":"publish","type":"post","link":"https:\/\/catolicanet.net\/wp-cnet\/faleceu-o-cardeal-franciszek-macharski-arcebispo-emerito-de-cracovia\/","title":{"rendered":"Faleceu o Cardeal Franciszek Macharski &#8211; arcebispo em\u00e9rito de Crac\u00f3via"},"content":{"rendered":"<p style=\"text-align: justify;\"><img decoding=\"async\" src=\"http:\/\/www.catolicanet.com.br\/images\/stories\/cardeais\/epa2160376_articolo.jpg\" border=\"0\" align=\"left\" \/>Faleceu esta manh\u00e3, na Pol\u00f3nia, o Cardeal Franciszek Macharski, arcebispo em\u00e9rito de Crac\u00f3via e imediato sucessor de Karol Wojtyla na C\u00e1tedra de Santo Estanislau. Tinha 89 anos de idade e estava gravemente doente. A 28 de Julho passado, durante a sua viagem \u00e0 Pol\u00f3nia, o Papa Francisco visitara-o no Hospital de Crac\u00f3via, onde estava internato.<\/p>\n<p>Num telegrama de condol\u00eancias enviado ao Cardeal Estanlislau Dziwisz, actual arcebispo metropolita de Crac\u00f3via, o Papa Francisco exprime a sua dor pela morte do Cardeal Macharski, unindo-se a toda a Igreja da Pol\u00f3nia em ora\u00e7\u00e3o de gra\u00e7as pelo dom da vida e do empenho pastoral desse \u201cbenem\u00e9rito Ministro do Evangelho \u2013 escreve o Pont\u00edfice\u201d.<\/p>\n<p>O Papa declara-se grato \u00e0 Provid\u00eancia que lhe permitiu visitar o Cardeal Makarski que, na \u00faltima etapa da sua vida, foi muito provado pelo sofrimento, aceite, no entanto, com esp\u00edrito de serenidade. Mesmo nessa prova\u00e7\u00e3o \u2013 escreve o Papa \u2013 ele continuou a ser um fiel testemunho da confian\u00e7a na bondade e na miseric\u00f3rdia de Deus.\u00a0 Francisco recorda ainda que \u201cJesus, confio em ti\u201d foi o mote da vida e do minist\u00e9rio do Cardeal Macharki, algo que assume uma eloqu\u00eancia particular neste Ano Jubilar da Miseric\u00f3rdia.<\/p>\n<p>O Cardeal Macharski\u00a0 nascera em Crac\u00f3via, em 1927. Durante a guerra, sob a ocupa\u00e7\u00e3o alem\u00e3, trabalhou como oper\u00e1rio. Logo depois da liberta\u00e7\u00e3o, em 1945, entrou no Semin\u00e1rio Maior Metropolitano de Crac\u00f3via. Foi ordenado sacerdote em 1950. Depois de 6 anos de actividade pastoral transferiu-se para a Sui\u00e7a onde se formou na Faculdade de Teologia. Regressou \u00e0 Polonia em 1970. Em 1977 foi nomeado Cabido da Catedral de Wawel pelo ent\u00e3o arcebispo de Crac\u00f3via, Karol Wojtyla, ao lado do qual viajou muitas vezes para o estrangeiro. Em 1978, eleito \u00e0 S\u00e9 de Pedro, Jo\u00e3o Paulo II nomeou-o seu sucessor \u00e0 frente da Arquidiocese de Crac\u00f3via. Foi criado cardeal em 1979.<\/p>\n<p>Famoso na Pol\u00f3nia como homem de cultura, estudioso e escritor, o Cardeal Macharski dedicou sempre uma aten\u00e7\u00e3o particular \u00e0 promo\u00e7\u00e3o das voca\u00e7\u00f5es sacerdotais e religiosas. Colaborou tamb\u00e9m com diversas comiss\u00f5es episcopais, entre as quais a dos leigos. Foi Presidente delegado \u00e0 II Assembleia Especial do S\u00ednodo dos Bispos para a Europa, em 1999.<\/p>\n<p>Como Cardeal participou na elei\u00e7\u00e3o do Papa Bento XVI. \u00c9 desde junho de 2005 que era arcebispo em\u00e9rito de Crac\u00f3via. Com a sua morte, o Col\u00e9gio Cardinal\u00edcio fica com 211 cardeais, dos quais 112 eleitores e 99 n\u00e3o eleitores.<\/p>\n<p style=\"text-align: justify;\">\u00a0<\/p>\n<p style=\"text-align: justify;\">Fonte: R\u00e1dio Vaticano<\/p>\n","protected":false},"excerpt":{"rendered":"<p>Faleceu esta manh\u00e3, na Pol\u00f3nia, o Cardeal Franciszek Macharski, arcebispo em\u00e9rito de Crac\u00f3via e imediato sucessor de Karol Wojtyla na C\u00e1tedra de Santo Estanislau. Tinha 89 anos de idade e estava gravemente doente. A 28 de Julho passado, durante a sua viagem \u00e0 Pol\u00f3nia, o Papa Francisco visitara-o no Hospital de Crac\u00f3via, onde estava internato. [&hellip;]<\/p>\n","protected":false},"author":1,"featured_media":16737,"comment_status":"open","ping_status":"open","sticky":false,"template":"","format":"standard","meta":{"footnotes":""},"categories":[4],"tags":[],"class_list":["post-16738","post","type-post","status-publish","format-standard","has-post-thumbnail","hentry","category-cotidiano"],"_links":{"self":[{"href":"https:\/\/catolicanet.net\/wp-cnet\/wp-json\/wp\/v2\/posts\/16738","targetHints":{"allow":["GET"]}}],"collection":[{"href":"https:\/\/catolicanet.net\/wp-cnet\/wp-json\/wp\/v2\/posts"}],"about":[{"href":"https:\/\/catolicanet.net\/wp-cnet\/wp-json\/wp\/v2\/types\/post"}],"author":[{"embeddable":true,"href":"https:\/\/catolicanet.net\/wp-cnet\/wp-json\/wp\/v2\/users\/1"}],"replies":[{"embeddable":true,"href":"https:\/\/catolicanet.net\/wp-cnet\/wp-json\/wp\/v2\/comments?post=16738"}],"version-history":[{"count":1,"href":"https:\/\/catolicanet.net\/wp-cnet\/wp-json\/wp\/v2\/posts\/16738\/revisions"}],"predecessor-version":[{"id":24253,"href":"https:\/\/catolicanet.net\/wp-cnet\/wp-json\/wp\/v2\/posts\/16738\/revisions\/24253"}],"wp:featuredmedia":[{"embeddable":true,"href":"https:\/\/catolicanet.net\/wp-cnet\/wp-json\/wp\/v2\/media\/16737"}],"wp:attachment":[{"href":"https:\/\/catolicanet.net\/wp-cnet\/wp-json\/wp\/v2\/media?parent=16738"}],"wp:term":[{"taxonomy":"category","embeddable":true,"href":"https:\/\/catolicanet.net\/wp-cnet\/wp-json\/wp\/v2\/categories?post=16738"},{"taxonomy":"post_tag","embeddable":true,"href":"https:\/\/catolicanet.net\/wp-cnet\/wp-json\/wp\/v2\/tags?post=16738"}],"curies":[{"name":"wp","href":"https:\/\/api.w.org\/{rel}","templated":true}]}}