{"id":16736,"date":"2016-08-02T16:25:03","date_gmt":"2016-08-02T19:25:03","guid":{"rendered":"http:\/\/catolicanet.net\/wp-cnet\/2016\/08\/02\/africaquenia-os-bispos-preocupados-com-as-escolas-incendiadas-pelos-estudantes\/"},"modified":"2017-05-31T09:52:39","modified_gmt":"2017-05-31T12:52:39","slug":"africaquenia-os-bispos-preocupados-com-as-escolas-incendiadas-pelos-estudantes","status":"publish","type":"post","link":"https:\/\/catolicanet.net\/wp-cnet\/africaquenia-os-bispos-preocupados-com-as-escolas-incendiadas-pelos-estudantes\/","title":{"rendered":"\u00c1FRICA\/QU\u00caNIA &#8211; Os Bispos preocupados com as escolas incendiadas pelos estudantes"},"content":{"rendered":"<p style=\"text-align: justify;\"><img decoding=\"async\" src=\"http:\/\/www.catolicanet.com.br\/images\/stories\/noticias\/primopiano_2200.jpg\" border=\"0\" align=\"left\" \/>Nair\u00f3bi (Ag\u00eancia Fides)- Tem algu\u00e9m que est\u00e1 incitando os estudantes quenianos a incendiar as escolas? Foi o que se perguntou Dom Maurice Muhatia Makumba, Bispo de Nakuru e Presidente da Comiss\u00e3o para a Educa\u00e7\u00e3o e Educa\u00e7\u00e3o Religiosa da Confer\u00eancia Episcopal do Qu\u00eania.<br \/>\u201cDevemos encontrar uma forma de isolar os autores destes atos e evitar consequ\u00eancias para a comunidade por causa das a\u00e7\u00f5es de poucos elementos\u201d, disse Dom Muhatia, fazendo um apelo aos funcion\u00e1rios da escola, para que os atos de alguns n\u00e3o caiam sobre a maioria dos estudantes inocentes.<br \/>Segundo o Bispo, a motiva\u00e7\u00e3o que adota para os inc\u00eandios nas escolas as novas regras disciplinares introduzidas para enfrentar a crescente indisciplina e as atividades criminosas nas escolas, n\u00e3o \u00e9 a causa principal, e evocou uma \u201cterceira m\u00e3o\u201d que incitaria alguns estudantes a destruir os estabelecimentos de ensino.<br \/>Dom Muhatia fez um apelo aos quenianos para que reflitam sobre a situa\u00e7\u00e3o moral da na\u00e7\u00e3o e se unam para incutir nas novas gera\u00e7\u00f5es o respeito e a import\u00e2ncia do bem comum.<br \/>Segundo informa\u00e7\u00f5es enviadas \u00e0 Ag\u00eancia Fides, no Qu\u00eania nos \u00faltimos dois meses mais de 120 entre escolas e dormit\u00f3rios escolares foram incendiados. A maioria desses epis\u00f3dios ocorreu na parte ocidental do pa\u00eds.<\/p>\n<p style=\"text-align: justify;\">\u00a0<\/p>\n<p style=\"text-align: justify;\">Fonte: Ag\u00eancia Fides<\/p>\n<p style=\"text-align: justify;\">\u00a0<\/p>\n","protected":false},"excerpt":{"rendered":"<p>Nair\u00f3bi (Ag\u00eancia Fides)- Tem algu\u00e9m que est\u00e1 incitando os estudantes quenianos a incendiar as escolas? Foi o que se perguntou Dom Maurice Muhatia Makumba, Bispo de Nakuru e Presidente da Comiss\u00e3o para a Educa\u00e7\u00e3o e Educa\u00e7\u00e3o Religiosa da Confer\u00eancia Episcopal do Qu\u00eania.\u201cDevemos encontrar uma forma de isolar os autores destes atos e evitar consequ\u00eancias para [&hellip;]<\/p>\n","protected":false},"author":1,"featured_media":16735,"comment_status":"open","ping_status":"open","sticky":false,"template":"","format":"standard","meta":{"footnotes":""},"categories":[4],"tags":[],"class_list":["post-16736","post","type-post","status-publish","format-standard","has-post-thumbnail","hentry","category-cotidiano"],"_links":{"self":[{"href":"https:\/\/catolicanet.net\/wp-cnet\/wp-json\/wp\/v2\/posts\/16736","targetHints":{"allow":["GET"]}}],"collection":[{"href":"https:\/\/catolicanet.net\/wp-cnet\/wp-json\/wp\/v2\/posts"}],"about":[{"href":"https:\/\/catolicanet.net\/wp-cnet\/wp-json\/wp\/v2\/types\/post"}],"author":[{"embeddable":true,"href":"https:\/\/catolicanet.net\/wp-cnet\/wp-json\/wp\/v2\/users\/1"}],"replies":[{"embeddable":true,"href":"https:\/\/catolicanet.net\/wp-cnet\/wp-json\/wp\/v2\/comments?post=16736"}],"version-history":[{"count":1,"href":"https:\/\/catolicanet.net\/wp-cnet\/wp-json\/wp\/v2\/posts\/16736\/revisions"}],"predecessor-version":[{"id":25489,"href":"https:\/\/catolicanet.net\/wp-cnet\/wp-json\/wp\/v2\/posts\/16736\/revisions\/25489"}],"wp:featuredmedia":[{"embeddable":true,"href":"https:\/\/catolicanet.net\/wp-cnet\/wp-json\/wp\/v2\/media\/16735"}],"wp:attachment":[{"href":"https:\/\/catolicanet.net\/wp-cnet\/wp-json\/wp\/v2\/media?parent=16736"}],"wp:term":[{"taxonomy":"category","embeddable":true,"href":"https:\/\/catolicanet.net\/wp-cnet\/wp-json\/wp\/v2\/categories?post=16736"},{"taxonomy":"post_tag","embeddable":true,"href":"https:\/\/catolicanet.net\/wp-cnet\/wp-json\/wp\/v2\/tags?post=16736"}],"curies":[{"name":"wp","href":"https:\/\/api.w.org\/{rel}","templated":true}]}}