{"id":16734,"date":"2016-08-02T16:19:22","date_gmt":"2016-08-02T19:19:22","guid":{"rendered":"http:\/\/catolicanet.net\/wp-cnet\/2016\/08\/02\/africasudao-do-sul-nao-ignorem-a-nossa-tragedia-senao-a-onda-de-refugiados-que-chega-no-litoral-europeu-vai-aumentar-diz-um-bispo\/"},"modified":"2017-05-29T16:25:06","modified_gmt":"2017-05-29T19:25:06","slug":"africasudao-do-sul-nao-ignorem-a-nossa-tragedia-senao-a-onda-de-refugiados-que-chega-no-litoral-europeu-vai-aumentar-diz-um-bispo","status":"publish","type":"post","link":"https:\/\/catolicanet.net\/wp-cnet\/africasudao-do-sul-nao-ignorem-a-nossa-tragedia-senao-a-onda-de-refugiados-que-chega-no-litoral-europeu-vai-aumentar-diz-um-bispo\/","title":{"rendered":"\u00c1FRICA\/SUD\u00c3O DO SUL &#8211; \u201cN\u00e3o ignorem a nossa trag\u00e9dia, sen\u00e3o a onda de refugiados que chega no litoral europeu vai aumentar\u201d diz um Bispo"},"content":{"rendered":"<p style=\"text-align: justify;\"><img decoding=\"async\" src=\"http:\/\/www.catolicanet.com.br\/images\/stories\/bispos\/primopiano_2204.jpg\" border=\"0\" align=\"left\" \/>Juba (Ag\u00eancia Fides) -\u201cSe o Sud\u00e3o do Sul for ignorado, a onda de refugiados que chega \u00e0s costas europeias pode crescer\u201d, adverte, em declara\u00e7\u00e3o enviada \u00e0 Ag\u00eancia Fides Dom Barani Eduardo Hiiboro Kussala, Bispo de Tombura-Yambio e Presidente do Inter-Faith Council for Peace Initiative (ICPI) na Greater Western Equatoria.<br \/>Dom Kussala dirigiu um apelo \u00e0 comunidade internacional para que \u201ccontinue a desempenhar seu papel-chave e persuadir o Presidente Salva Kiir e o ex Vice-Presidente Riek Machar a retornar \u00e0 mesa de negocia\u00e7\u00f5es e atuar o acordo de divis\u00e3o de poder assinado em agosto do ano passado\u201d.<br \/>Os novos combates entre as fac\u00e7\u00f5es de Kiir e Machar, iniciados em julho (veja Fides 12\/7\/2016) obrigaram este \u00faltimo a fugir da capital, Juba. Machar, com base nos acordos de agosto de 2015, tornou-se Primeiro Vice-Presidente, foi destitu\u00eddo do cargo. Seu lugar foi assumido por Taban Deng Gai, membro da forma\u00e7\u00e3o de Machar (SPLA-IO), que passou pelo campo de Kiir.<br \/>A situa\u00e7\u00e3o humanit\u00e1ria em Juba e no resto do pa\u00eds est\u00e1 prec\u00e1ria (veja Fides 25\/7\/2016), e s\u00e3o principalmente as organiza\u00e7\u00f5es cat\u00f3licas e de outras confiss\u00f5es crist\u00e3s a assumir a emerg\u00eancia. \u201cCom a ajuda internacional e a da Igreja cat\u00f3lica e de outros membros da South Sudan Council of Churches, de ag\u00eancias como Cafod e Trocaire, Caritas, e outras ag\u00eancias humanit\u00e1rias, ajudamos aqueles povos a sobreviver e podemos garantir que nosso pa\u00eds tenha um futuro\u201d afirma Dom Kussala. O Bispo ressalta que o Sud\u00e3o do Sul \u00e9 potencialmente muito rico, n\u00e3o apenas de petr\u00f3leo, mas de diversos minerais, e tem grande potencial agr\u00edcola. O conflito provocado por uma \u201cpequena minoria\u201d impede o desenvolvimento do pa\u00eds. A trag\u00e9dia do Sud\u00e3o do Sul passou em segundo plano na m\u00eddia por causa dos atentados terroristas na Europa e em outras partes do mundo, mas a Europa, conclui Dom Kussala, n\u00e3o pode ignor\u00e1-la, pois corre o risco de ser invadida por outra onda de refugiados.<\/p>\n<p style=\"text-align: justify;\">\u00a0<\/p>\n<p style=\"text-align: justify;\">Fonte: Ag\u00eancia Fides<\/p>\n","protected":false},"excerpt":{"rendered":"<p>Juba (Ag\u00eancia Fides) -\u201cSe o Sud\u00e3o do Sul for ignorado, a onda de refugiados que chega \u00e0s costas europeias pode crescer\u201d, adverte, em declara\u00e7\u00e3o enviada \u00e0 Ag\u00eancia Fides Dom Barani Eduardo Hiiboro Kussala, Bispo de Tombura-Yambio e Presidente do Inter-Faith Council for Peace Initiative (ICPI) na Greater Western Equatoria.Dom Kussala dirigiu um apelo \u00e0 comunidade [&hellip;]<\/p>\n","protected":false},"author":1,"featured_media":16733,"comment_status":"open","ping_status":"open","sticky":false,"template":"","format":"standard","meta":{"footnotes":""},"categories":[7],"tags":[],"class_list":["post-16734","post","type-post","status-publish","format-standard","has-post-thumbnail","hentry","category-cnbb"],"_links":{"self":[{"href":"https:\/\/catolicanet.net\/wp-cnet\/wp-json\/wp\/v2\/posts\/16734","targetHints":{"allow":["GET"]}}],"collection":[{"href":"https:\/\/catolicanet.net\/wp-cnet\/wp-json\/wp\/v2\/posts"}],"about":[{"href":"https:\/\/catolicanet.net\/wp-cnet\/wp-json\/wp\/v2\/types\/post"}],"author":[{"embeddable":true,"href":"https:\/\/catolicanet.net\/wp-cnet\/wp-json\/wp\/v2\/users\/1"}],"replies":[{"embeddable":true,"href":"https:\/\/catolicanet.net\/wp-cnet\/wp-json\/wp\/v2\/comments?post=16734"}],"version-history":[{"count":1,"href":"https:\/\/catolicanet.net\/wp-cnet\/wp-json\/wp\/v2\/posts\/16734\/revisions"}],"predecessor-version":[{"id":24254,"href":"https:\/\/catolicanet.net\/wp-cnet\/wp-json\/wp\/v2\/posts\/16734\/revisions\/24254"}],"wp:featuredmedia":[{"embeddable":true,"href":"https:\/\/catolicanet.net\/wp-cnet\/wp-json\/wp\/v2\/media\/16733"}],"wp:attachment":[{"href":"https:\/\/catolicanet.net\/wp-cnet\/wp-json\/wp\/v2\/media?parent=16734"}],"wp:term":[{"taxonomy":"category","embeddable":true,"href":"https:\/\/catolicanet.net\/wp-cnet\/wp-json\/wp\/v2\/categories?post=16734"},{"taxonomy":"post_tag","embeddable":true,"href":"https:\/\/catolicanet.net\/wp-cnet\/wp-json\/wp\/v2\/tags?post=16734"}],"curies":[{"name":"wp","href":"https:\/\/api.w.org\/{rel}","templated":true}]}}