{"id":16732,"date":"2016-08-02T16:11:03","date_gmt":"2016-08-02T19:11:03","guid":{"rendered":"http:\/\/catolicanet.net\/wp-cnet\/2016\/08\/02\/46o-ensaio-de-canto-liturgico-pastoral-aborda-jubileu-da-misericordia\/"},"modified":"2017-05-26T15:19:51","modified_gmt":"2017-05-26T18:19:51","slug":"46o-ensaio-de-canto-liturgico-pastoral-aborda-jubileu-da-misericordia","status":"publish","type":"post","link":"https:\/\/catolicanet.net\/wp-cnet\/46o-ensaio-de-canto-liturgico-pastoral-aborda-jubileu-da-misericordia\/","title":{"rendered":"46\u00ba Ensaio de Canto Lit\u00fargico Pastoral aborda Jubileu da Miseric\u00f3rdia"},"content":{"rendered":"<p style=\"text-align: justify;\"><img decoding=\"async\" src=\"http:\/\/www.catolicanet.com.br\/images\/stories\/noticias\/cantos-liturgicos.jpg\" border=\"0\" align=\"left\" \/>Evento contou com a participa\u00e7\u00e3o de 160 m\u00fasicos<\/p>\n<p>Animados pelo tema \u201cMisericordiosos como o Pai\u201d, em sintonia com o Jubileu Extraordin\u00e1rio da Miseric\u00f3rdia, cerca de 160 m\u00fasicos de 14 das 18 dioceses do regional Sul 3 da Confer\u00eancia Nacional dos Bispos do Brasil (CNBB) participaram, de 29 a 30 de julho, do 46\u00ba Ensaio de Canto Lit\u00fargico Pastoral, em Porto Alegre (RS). O evento foi assessorado pelos especialistas em canto lit\u00fargico padre Jos\u00e9 Carlos Sala, da diocese de Erechim (RS); frei Luiz Sebasti\u00e3o Turra, de Porto Alegre; e padre Ney Brasil Pereira, de Florian\u00f3polis (SC).<\/p>\n<p>O encontro buscou oferecer aos participantes momentos de ensaio de cantos novos, t\u00e9cnicas vocais, material did\u00e1tico, conhecimento da m\u00fasica, letra e conte\u00fado hist\u00f3rico das mesmas. \u201cN\u00e3o basta ensaiar os cantos, \u00e9 preciso ter forma\u00e7\u00e3o e espiritualidade para rezar e ajudar a rezar bem\u201d, frisou padre Ney Brasil.<\/p>\n<p>Participante do encontro, a religiosa do vicariato de Canoas, da arquidiocese de Porto Alegre, irm\u00e3 Glenda S\u00e1bio Garcia, ressaltou que o ensaio leva a refletir sobre o Ano da Miseric\u00f3rdia e \u201ca cantar e usar instrumentos para nos interiorizarmos nas celebra\u00e7\u00f5es e se encontrar com Deus\u201d. Para Vit\u00f3rio Passero, tamb\u00e9m da capital ga\u00facha, \u201cos cantos sacros nos conduzem a rezar e celebrar bem\u201d.<\/p>\n<p>O arcebispo de Porto Alegre e presidente do regional Sul 3 da CNBB, dom Jaime Spengler, incentivou a todos na busca da unidade da a\u00e7\u00e3o evangelizadora \u201cna atual fase de tantas mudan\u00e7as\u201d.<br \/>Materiais<\/p>\n<p>Durante o encontro, os participantes receberam pol\u00edgrafo de cantos, partituras e CD, que auxiliaram no acompanhamento dos ensaios. O coordenador do Setor da M\u00fasica do regional Sul 3 da CNBB, padre Pedro Ritter, contou que \u201c\u00e9 um rico material\u201d que est\u00e1 acess\u00edvel para todas as comunidades do Rio Grande do Sul. Ritter ressalta que os participantes v\u00e3o levar o subs\u00eddio para as comunidades, mas quem ainda deseja ter acesso, o mesmo se encontra \u00e0 disposi\u00e7\u00e3o ap\u00f3s o encontro na sede do regional.<br \/>Com informa\u00e7\u00f5es e foto do regional Sul 3 da CNBB<\/p>\n<p style=\"text-align: justify;\">\u00a0<\/p>\n<p style=\"text-align: justify;\">Fonte: Aleteia<\/p>\n","protected":false},"excerpt":{"rendered":"<p>Evento contou com a participa\u00e7\u00e3o de 160 m\u00fasicos Animados pelo tema \u201cMisericordiosos como o Pai\u201d, em sintonia com o Jubileu Extraordin\u00e1rio da Miseric\u00f3rdia, cerca de 160 m\u00fasicos de 14 das 18 dioceses do regional Sul 3 da Confer\u00eancia Nacional dos Bispos do Brasil (CNBB) participaram, de 29 a 30 de julho, do 46\u00ba Ensaio de [&hellip;]<\/p>\n","protected":false},"author":1,"featured_media":16731,"comment_status":"open","ping_status":"open","sticky":false,"template":"","format":"standard","meta":{"footnotes":""},"categories":[7],"tags":[],"class_list":["post-16732","post","type-post","status-publish","format-standard","has-post-thumbnail","hentry","category-cnbb"],"_links":{"self":[{"href":"https:\/\/catolicanet.net\/wp-cnet\/wp-json\/wp\/v2\/posts\/16732","targetHints":{"allow":["GET"]}}],"collection":[{"href":"https:\/\/catolicanet.net\/wp-cnet\/wp-json\/wp\/v2\/posts"}],"about":[{"href":"https:\/\/catolicanet.net\/wp-cnet\/wp-json\/wp\/v2\/types\/post"}],"author":[{"embeddable":true,"href":"https:\/\/catolicanet.net\/wp-cnet\/wp-json\/wp\/v2\/users\/1"}],"replies":[{"embeddable":true,"href":"https:\/\/catolicanet.net\/wp-cnet\/wp-json\/wp\/v2\/comments?post=16732"}],"version-history":[{"count":1,"href":"https:\/\/catolicanet.net\/wp-cnet\/wp-json\/wp\/v2\/posts\/16732\/revisions"}],"predecessor-version":[{"id":23528,"href":"https:\/\/catolicanet.net\/wp-cnet\/wp-json\/wp\/v2\/posts\/16732\/revisions\/23528"}],"wp:featuredmedia":[{"embeddable":true,"href":"https:\/\/catolicanet.net\/wp-cnet\/wp-json\/wp\/v2\/media\/16731"}],"wp:attachment":[{"href":"https:\/\/catolicanet.net\/wp-cnet\/wp-json\/wp\/v2\/media?parent=16732"}],"wp:term":[{"taxonomy":"category","embeddable":true,"href":"https:\/\/catolicanet.net\/wp-cnet\/wp-json\/wp\/v2\/categories?post=16732"},{"taxonomy":"post_tag","embeddable":true,"href":"https:\/\/catolicanet.net\/wp-cnet\/wp-json\/wp\/v2\/tags?post=16732"}],"curies":[{"name":"wp","href":"https:\/\/api.w.org\/{rel}","templated":true}]}}