{"id":16730,"date":"2016-08-02T14:48:27","date_gmt":"2016-08-02T17:48:27","guid":{"rendered":"http:\/\/catolicanet.net\/wp-cnet\/2016\/08\/02\/e-pecado-usar-roupas-curtas-ou-colantes\/"},"modified":"2017-05-31T09:52:40","modified_gmt":"2017-05-31T12:52:40","slug":"e-pecado-usar-roupas-curtas-ou-colantes","status":"publish","type":"post","link":"https:\/\/catolicanet.net\/wp-cnet\/e-pecado-usar-roupas-curtas-ou-colantes\/","title":{"rendered":"\u00c9 pecado usar roupas curtas ou colantes?"},"content":{"rendered":"<p style=\"text-align: justify;\"><img decoding=\"async\" src=\"http:\/\/www.catolicanet.com.br\/images\/stories\/noticias\/closet.jpg\" border=\"0\" align=\"left\" \/>O amor tem que estar em tudo, inclusive no modo como nos vestimos<\/p>\n<p>\u00c9 pecado usar roupas curtas ou colantes?<\/p>\n<p>Para responder a essa quest\u00e3o, \u00e9 preciso que entendamos primeiro em que consiste a moral crist\u00e3, resumida por Nosso Senhor em dois mandamentos principais (cf. Mt 22, 34-40; Mc 12, 28-31; Lc 10, 25-28): \u201cAmar\u00e1s o Senhor, teu Deus, com todo o teu cora\u00e7\u00e3o, com toda a tua alma e com todo o teu entendimento\u201d (Dt 6, 5) e \u201cAmar\u00e1s teu pr\u00f3ximo como a ti mesmo\u201d (Lv 19, 18).<\/p>\n<p>O n\u00facleo da mensagem crist\u00e3 n\u00e3o \u00e9 outro, portanto, sen\u00e3o o amor. Quem n\u00e3o tem isso constantemente diante dos olhos pode terminar interpretando a doutrina moral do Evangelho sob um vi\u00e9s errado, como se ela fosse um simples \u201cc\u00f3digo de leis\u201d ou um exacerbamento dos \u201ccomplexos de culpa\u201d mal resolvidos do homem. N\u00e3o se trata disso, absolutamente. Como gostava de lembrar o Papa Bento XVI, a f\u00e9 crist\u00e3 \u00e9 sobretudo o encontro com uma Pessoa, mais que com \u201cuma decis\u00e3o \u00e9tica ou uma grande ideia\u201d [1], e \u00e9 por causa desse encontro pessoal e transformador que se desenvolve todo o mais da vida crist\u00e3.<\/p>\n<p>Posto isso, \u00e9 necess\u00e1rio considerarmos os tr\u00eas objetos do amor crist\u00e3o [2], que s\u00e3o atingidos quando uma pessoa veste uma roupa sensual:<\/p>\n<p> O primeiro e mais evidente \u00e9 o amor ao pr\u00f3ximo, pois quem se veste indecentemente causa esc\u00e2ndalo para as pessoas \u00e0 sua volta, colocando-as em ocasi\u00e3o de pecado. Foi o pr\u00f3prio Cristo quem disse que \u201ctodo aquele que olhar para uma mulher com o desejo de possu\u00ed-la, j\u00e1 cometeu adult\u00e9rio com ela em seu cora\u00e7\u00e3o\u201d (Mt 5, 28). \u00c9 verdade que os maus olhares e pensamentos sujos s\u00e3o de iniciativa das outras pessoas, mas quem quer que se vista de modo \u201cfrancamente provocativo\u201d atua como um chamariz, ainda que n\u00e3o tenha a inten\u00e7\u00e3o clara de \u201cseduzir o pr\u00f3ximo ou excitar as suas paix\u00f5es\u201d, coisa que seria ainda pior [3].<br \/> O segundo \u00e9 o amor a si mesmo, pois a pessoa que se veste de modo sensual e provocante, ao mesmo tempo em que revela os tra\u00e7os de seu corpo, termina escondendo o que de mais importante h\u00e1 em si: sua alma [4]. Para comprovar essa verdade, basta olhar para o aviltante papel a que se prestam homens e mulheres sambando desnudos sobre os carros aleg\u00f3ricos carnavalescos, degradados como simples \u201cpeda\u00e7os de carne\u201d \u00e0 vista.<br \/> O que se tem, por fim, \u00e9 uma falta contra o amor a Deus, muitas vezes por temor mundano. Quando algu\u00e9m sabe, por exemplo, que deve vestir-se dignamente, mas n\u00e3o o faz por medo do que pensar\u00e3o ou dir\u00e3o seus amigos ou familiares, \u00e9 porque prefere o amor das criaturas ao de Deus.<\/p>\n<p>Note-se, portanto, como o uso de roupas curtas ou colantes constitui uma grande falta de caridade para com Deus, para com o pr\u00f3ximo e para consigo mesmo. Por isso, o amor tem que estar em tudo, inclusive no modo como nos vestimos. Na pr\u00f3xima vez que for abrir o seu guarda-roupa para escolher o seu vestu\u00e1rio, lembre-se: voc\u00ea \u00e9 uma pessoa que ama.<\/p>\n<p style=\"text-align: justify;\"><a href=\"https:\/\/www.youtube.com\/watch?v=BsSvFBXh0do\">Clique aqui para assistir o v\u00eddeo.<\/a><\/p>\n<p>Refer\u00eancias<\/p>\n<p> 1.\u00a0 Papa Bento XVI, Carta Enc\u00edclica Deus Caritas Est (25 de dezembro de 2005), n. 1.<br \/> 2.\u00a0 Cf. Suma Teol\u00f3gica, II-II, q. 25, a. 12. Neste artigo, Santo Tom\u00e1s de Aquino cita a autoridade de Santo Agostinho para dizer que s\u00e3o quatro os objetos da caridade, n\u00e3o tr\u00eas. \u00c9 que o Aquinate distingue o amor a si mesmo do amor ao pr\u00f3prio corpo, distin\u00e7\u00e3o que tamb\u00e9m o Padre Paulo Ricardo faz no v\u00eddeo, ao lembrar a supremacia de nossa alma sobre nosso corpo e a dignidade deste \u00faltimo.<br \/> 3.\u00a0 ROYO MAR\u00cdN, Antonio. Teolog\u00eda moral para seglares. I, Moral fundamental y especial. 4. ed. Madrid: BAC, 1973, p. 415.<br \/> 4. Santo Tom\u00e1s de Aquino, ao responder se os pecadores se amam a si mesmos, mostra como os maus, amando \u201ca si mesmos segundo a corrup\u00e7\u00e3o do homem exterior\u201d, n\u00e3o se amamverdadeiramente: \u201cOs maus n\u00e3o querem conservar a integridade do homem interior, n\u00e3o aspiram para si os bens espirituais, n\u00e3o trabalham para alcan\u00e7\u00e1-los, nem t\u00eam prazer em conviver consigo mesmos voltando-se ao seu cora\u00e7\u00e3o porque nele encontram os males presentes, passados e futuros, que s\u00f3 podem detestar; n\u00e3o vivem em paz consigo mesmos pois sua consci\u00eancia est\u00e1 cheia de remorsos, como est\u00e1 em Sl 49, 21: \u2018Eu te acuso e me levanto contra a tua face\u2019.\u201d (Suma Teol\u00f3gica, II-II, q. 25, a. 7).<\/p>\n<p style=\"text-align: justify;\">\u00a0<\/p>\n<p style=\"text-align: justify;\">Fonte: Aleteia<\/p>\n","protected":false},"excerpt":{"rendered":"<p>O amor tem que estar em tudo, inclusive no modo como nos vestimos \u00c9 pecado usar roupas curtas ou colantes? Para responder a essa quest\u00e3o, \u00e9 preciso que entendamos primeiro em que consiste a moral crist\u00e3, resumida por Nosso Senhor em dois mandamentos principais (cf. Mt 22, 34-40; Mc 12, 28-31; Lc 10, 25-28): \u201cAmar\u00e1s [&hellip;]<\/p>\n","protected":false},"author":1,"featured_media":16729,"comment_status":"open","ping_status":"open","sticky":false,"template":"","format":"standard","meta":{"footnotes":""},"categories":[4],"tags":[],"class_list":["post-16730","post","type-post","status-publish","format-standard","has-post-thumbnail","hentry","category-cotidiano"],"_links":{"self":[{"href":"https:\/\/catolicanet.net\/wp-cnet\/wp-json\/wp\/v2\/posts\/16730","targetHints":{"allow":["GET"]}}],"collection":[{"href":"https:\/\/catolicanet.net\/wp-cnet\/wp-json\/wp\/v2\/posts"}],"about":[{"href":"https:\/\/catolicanet.net\/wp-cnet\/wp-json\/wp\/v2\/types\/post"}],"author":[{"embeddable":true,"href":"https:\/\/catolicanet.net\/wp-cnet\/wp-json\/wp\/v2\/users\/1"}],"replies":[{"embeddable":true,"href":"https:\/\/catolicanet.net\/wp-cnet\/wp-json\/wp\/v2\/comments?post=16730"}],"version-history":[{"count":1,"href":"https:\/\/catolicanet.net\/wp-cnet\/wp-json\/wp\/v2\/posts\/16730\/revisions"}],"predecessor-version":[{"id":25490,"href":"https:\/\/catolicanet.net\/wp-cnet\/wp-json\/wp\/v2\/posts\/16730\/revisions\/25490"}],"wp:featuredmedia":[{"embeddable":true,"href":"https:\/\/catolicanet.net\/wp-cnet\/wp-json\/wp\/v2\/media\/16729"}],"wp:attachment":[{"href":"https:\/\/catolicanet.net\/wp-cnet\/wp-json\/wp\/v2\/media?parent=16730"}],"wp:term":[{"taxonomy":"category","embeddable":true,"href":"https:\/\/catolicanet.net\/wp-cnet\/wp-json\/wp\/v2\/categories?post=16730"},{"taxonomy":"post_tag","embeddable":true,"href":"https:\/\/catolicanet.net\/wp-cnet\/wp-json\/wp\/v2\/tags?post=16730"}],"curies":[{"name":"wp","href":"https:\/\/api.w.org\/{rel}","templated":true}]}}