{"id":16726,"date":"2016-08-02T14:26:10","date_gmt":"2016-08-02T17:26:10","guid":{"rendered":"http:\/\/catolicanet.net\/wp-cnet\/2016\/08\/02\/quer-orar-com-todo-o-coracao-comece-fazendo-esta-prece\/"},"modified":"2017-05-31T09:52:40","modified_gmt":"2017-05-31T12:52:40","slug":"quer-orar-com-todo-o-coracao-comece-fazendo-esta-prece","status":"publish","type":"post","link":"https:\/\/catolicanet.net\/wp-cnet\/quer-orar-com-todo-o-coracao-comece-fazendo-esta-prece\/","title":{"rendered":"Quer orar com todo o cora\u00e7\u00e3o? Comece fazendo esta prece"},"content":{"rendered":"<p style=\"text-align: justify;\"><img decoding=\"async\" src=\"http:\/\/www.catolicanet.com.br\/images\/stories\/noticias\/21471lpr_7356364d19222e3.jpg\" border=\"0\" align=\"left\" \/>Uma dica valiosa: converse com Deus sobre o que voc\u00ea sente, n\u00e3o somente sobre o que voc\u00ea pensa<\/p>\n<p>Padre Carlos Padilla<\/p>\n<p>Senhor,<\/p>\n<p>ensina-me a orar,<\/p>\n<p>com a tua humildade,<\/p>\n<p>com a tua sinceridade,<\/p>\n<p>com a tua entrega.<\/p>\n<p>Ensina-me a orar com todo o meu ser,<\/p>\n<p>n\u00e3o s\u00f3 com a minha mente.<\/p>\n<p>Com a minha vontade.<\/p>\n<p>Com o meu cora\u00e7\u00e3o.<\/p>\n<p>Com os meus p\u00e9s.<\/p>\n<p>Com os meus sil\u00eancios.<\/p>\n<p>N\u00e3o preciso esperar o momento perfeito.<\/p>\n<p>Ensina-me a orar em meio ao<\/p>\n<p>que estou vivendo neste instante.<\/p>\n<p>Ajuda-me a abrir meu cora\u00e7\u00e3o.<\/p>\n<p>Que eu n\u00e3o tema mostrar<\/p>\n<p>minha fragilidade, meu nome,<\/p>\n<p>o nome que s\u00f3 Tu pronuncias.<\/p>\n<p>Ensina-me a passear contigo pela minha alma,<\/p>\n<p>conhecer meus vales e montanhas,<\/p>\n<p>minhas fontes e minha sede,<\/p>\n<p>meus desertos e meus bosques.<\/p>\n<p>Ensina-me a amar-te.<\/p>\n<p>Am\u00e9m.<\/p>\n<p style=\"text-align: justify;\">\u00a0<\/p>\n<p style=\"text-align: justify;\">Fonte: Aleteia<\/p>\n","protected":false},"excerpt":{"rendered":"<p>Uma dica valiosa: converse com Deus sobre o que voc\u00ea sente, n\u00e3o somente sobre o que voc\u00ea pensa Padre Carlos Padilla Senhor, ensina-me a orar, com a tua humildade, com a tua sinceridade, com a tua entrega. Ensina-me a orar com todo o meu ser, n\u00e3o s\u00f3 com a minha mente. Com a minha vontade. [&hellip;]<\/p>\n","protected":false},"author":1,"featured_media":16725,"comment_status":"open","ping_status":"open","sticky":false,"template":"","format":"standard","meta":{"footnotes":""},"categories":[4],"tags":[],"class_list":["post-16726","post","type-post","status-publish","format-standard","has-post-thumbnail","hentry","category-cotidiano"],"_links":{"self":[{"href":"https:\/\/catolicanet.net\/wp-cnet\/wp-json\/wp\/v2\/posts\/16726","targetHints":{"allow":["GET"]}}],"collection":[{"href":"https:\/\/catolicanet.net\/wp-cnet\/wp-json\/wp\/v2\/posts"}],"about":[{"href":"https:\/\/catolicanet.net\/wp-cnet\/wp-json\/wp\/v2\/types\/post"}],"author":[{"embeddable":true,"href":"https:\/\/catolicanet.net\/wp-cnet\/wp-json\/wp\/v2\/users\/1"}],"replies":[{"embeddable":true,"href":"https:\/\/catolicanet.net\/wp-cnet\/wp-json\/wp\/v2\/comments?post=16726"}],"version-history":[{"count":1,"href":"https:\/\/catolicanet.net\/wp-cnet\/wp-json\/wp\/v2\/posts\/16726\/revisions"}],"predecessor-version":[{"id":25492,"href":"https:\/\/catolicanet.net\/wp-cnet\/wp-json\/wp\/v2\/posts\/16726\/revisions\/25492"}],"wp:featuredmedia":[{"embeddable":true,"href":"https:\/\/catolicanet.net\/wp-cnet\/wp-json\/wp\/v2\/media\/16725"}],"wp:attachment":[{"href":"https:\/\/catolicanet.net\/wp-cnet\/wp-json\/wp\/v2\/media?parent=16726"}],"wp:term":[{"taxonomy":"category","embeddable":true,"href":"https:\/\/catolicanet.net\/wp-cnet\/wp-json\/wp\/v2\/categories?post=16726"},{"taxonomy":"post_tag","embeddable":true,"href":"https:\/\/catolicanet.net\/wp-cnet\/wp-json\/wp\/v2\/tags?post=16726"}],"curies":[{"name":"wp","href":"https:\/\/api.w.org\/{rel}","templated":true}]}}