{"id":16724,"date":"2016-08-02T14:16:36","date_gmt":"2016-08-02T17:16:36","guid":{"rendered":"http:\/\/catolicanet.net\/wp-cnet\/2016\/08\/02\/mj2016-jornada-mundial-da-juventude-foi-uma-experiencia-de-lfe-numa-igreja-viva-e-jovemr\/"},"modified":"2017-05-31T09:52:40","modified_gmt":"2017-05-31T12:52:40","slug":"mj2016-jornada-mundial-da-juventude-foi-uma-experiencia-de-lfe-numa-igreja-viva-e-jovemr","status":"publish","type":"post","link":"https:\/\/catolicanet.net\/wp-cnet\/mj2016-jornada-mundial-da-juventude-foi-uma-experiencia-de-lfe-numa-igreja-viva-e-jovemr\/","title":{"rendered":"JMJ2016: Jornada Mundial da Juventude foi uma experi\u00eancia de \u00abf\u00e9 numa Igreja viva e jovem\u00bb"},"content":{"rendered":"<p style=\"text-align: justify;\"><img decoding=\"async\" src=\"http:\/\/www.catolicanet.com.br\/images\/stories\/noticias\/sdpjaveiro_jmj2016.jpg\" border=\"0\" align=\"left\" \/>Jovens de Aveiro recordam \u00abdias intensos\u00bb em duas semanas na Pol\u00f4nia<\/p>\n<p>Crac\u00f3via, Pol\u00f3nia, (Ecclesia) \u2013 A diretora do Departamento de Pastoral Juvenil da Diocese de Aveiro afirmou que a participa\u00e7\u00e3o na Jornada Mundial da juventude (JMJ) foi uma experi\u00eancia de \u201cf\u00e9 numa Igreja viva e jovem\u201d.<\/p>\n<p>Para Ondina Matos, a participa\u00e7\u00e3o na 31\u00aa JMJ, na Pol\u00f3nia, proporcionou \u201cdias intensos, alegres, profundos, de criar la\u00e7os, de duvidar e de acreditar, tal como na vida\u201d, porque este encontro mundial de jovens \u00e9 vida que \u201ctransporta para a vida\u201d.<\/p>\n<p>\u201cDesde a semana de pr\u00e9-jornada em Radzyn Podlaski, na Diocese de Siedlce, at\u00e9 ao fim de semana de encerramento no Campus Misericordiae com o Papa Francisco e cerca de dois milh\u00f5es e meio de jovens, fomos fazendo caminho uns com os outros e com aqueles que se cruzavam no nosso caminho\u201d, referiu a Ondina Matos numa declara\u00e7\u00e3o enviada hoje \u00e0 Ag\u00eancia ECCLESIA.<\/p>\n<p>Para Helena Fernandes, a JMJ foi como \u201cuma via-sacra\u201d com \u201cmuitos desafios\u201d, \u201calgumas quedas\u201d e com \u201csinais de ajuda\u201d para secar as l\u00e1grimas.<\/p>\n<p>\u201cN\u00e3o ficamos pela cruz mas chegamos \u00e0 ressurrei\u00e7\u00e3o! O Campus miseric\u00f3rdia fez-me sentir mais pr\u00f3xima de Deus\u201d, referiu a respons\u00e1vel de um grupo de jovens da par\u00f3quia de Aguim, na diocese de Aveiro.<\/p>\n<p>\u201cEsta jornada foi acolhimento, entrega e responsabilidade! Fomos t\u00e3o bem recebidos, as pessoas ansiavam h\u00e1 muito tempo a nossa vinda. Preocupavam-se connosco, faziam-nos sentir em casa e mais tempo houvesse para vivermos em fam\u00edlia! Estudaram a nossa cultura para melhor comunicarem connosco!\u201d, assegurou Filipa Santos, da par\u00f3quia de Esgueira.<\/p>\n<p>\u201cEm toda a jornada senti-me segura. O povo da Pol\u00f3nia procurou com toda a entrega afastar-nos de problemas para que fosse poss\u00edvel viver esta jornada em plenitude!\u201d, acrescentou.<\/p>\n<p>Juceleyde Cabral, de Aguada de Cima, diz que a JMJ foi uma \u201cexperi\u00eancia inesquec\u00edvel\u201d e jamais esquecer\u00e1 \u201cos milh\u00f5es de luzes provenientes das velas durante a Vig\u00edlia!\u201d.<\/p>\n<p>Para o padre Jo\u00e3o Santos, \u201couvir a palavra do Papa \u00e9 sentir o desafio de Deus a sonhar mais longe\u201d.<\/p>\n<p>\u201cNo desafio da vig\u00edlia e missa final ouvimos o Papa a pedir que n\u00e3o desistamos e a ousar escolhas radicais em comunh\u00e3o e confian\u00e7a com Cristo. O caminho da nossa vida \u00e9 o pr\u00f3prio Senhor, a sua miseric\u00f3rdia o nosso apoio. Que nunca tenhamos medo de o seguir\u201d, sublinhou o sacerdote da Diocese de Aveiro.<\/p>\n<p>Os jovens da Diocese de Aveiro, que participaram nas Jornadas Mundiais da Juventude associados \u00e0 Diocese de Viana do Castelo, foram acolhidos na diocese polaca de Sieldce, na cidade de Radzym Podlaski, para as pr\u00e9-jornadas; na desloca\u00e7\u00e3o para Crac\u00f3via visitaram campo de concentra\u00e7\u00e3o de Madjanek e permaneceram, durante JMJ, na par\u00f3quia de Chrzan\u00f3w.<\/p>\n<p>\u201cQuando partimos para Crac\u00f3via dissemos que sonhar \u00e9 ser feliz por antecipa\u00e7\u00e3o, o Papa desafiou-nos a responder ao sonho de Deus. No fim da viagem visit\u00e1mos o santu\u00e1rio de Czestochowa onde Maria \u00e9 a M\u00e3e que nos mostra o caminho\u201d, conclui o Departamento de Pastoral Juvenil da Diocese de Aveiro.<\/p>\n<p>A 31\u00aa Jornada Mundial da Juventude decorreu na cidade polaca de Crac\u00f3via entre os dias 26 e 31 de julho; o Papa Francisco anunciou no fim da Missa de encerramento que a pr\u00f3xima JMJ vai decorrer no Panam\u00e1, em 2019<\/p>\n<p style=\"text-align: justify;\">\u00a0<\/p>\n<p style=\"text-align: justify;\">Fonte: Ag\u00eancia Ecclesia<\/p>\n","protected":false},"excerpt":{"rendered":"<p>Jovens de Aveiro recordam \u00abdias intensos\u00bb em duas semanas na Pol\u00f4nia Crac\u00f3via, Pol\u00f3nia, (Ecclesia) \u2013 A diretora do Departamento de Pastoral Juvenil da Diocese de Aveiro afirmou que a participa\u00e7\u00e3o na Jornada Mundial da juventude (JMJ) foi uma experi\u00eancia de \u201cf\u00e9 numa Igreja viva e jovem\u201d. Para Ondina Matos, a participa\u00e7\u00e3o na 31\u00aa JMJ, na [&hellip;]<\/p>\n","protected":false},"author":1,"featured_media":16723,"comment_status":"open","ping_status":"open","sticky":false,"template":"","format":"standard","meta":{"footnotes":""},"categories":[4],"tags":[],"class_list":["post-16724","post","type-post","status-publish","format-standard","has-post-thumbnail","hentry","category-cotidiano"],"_links":{"self":[{"href":"https:\/\/catolicanet.net\/wp-cnet\/wp-json\/wp\/v2\/posts\/16724","targetHints":{"allow":["GET"]}}],"collection":[{"href":"https:\/\/catolicanet.net\/wp-cnet\/wp-json\/wp\/v2\/posts"}],"about":[{"href":"https:\/\/catolicanet.net\/wp-cnet\/wp-json\/wp\/v2\/types\/post"}],"author":[{"embeddable":true,"href":"https:\/\/catolicanet.net\/wp-cnet\/wp-json\/wp\/v2\/users\/1"}],"replies":[{"embeddable":true,"href":"https:\/\/catolicanet.net\/wp-cnet\/wp-json\/wp\/v2\/comments?post=16724"}],"version-history":[{"count":1,"href":"https:\/\/catolicanet.net\/wp-cnet\/wp-json\/wp\/v2\/posts\/16724\/revisions"}],"predecessor-version":[{"id":25493,"href":"https:\/\/catolicanet.net\/wp-cnet\/wp-json\/wp\/v2\/posts\/16724\/revisions\/25493"}],"wp:featuredmedia":[{"embeddable":true,"href":"https:\/\/catolicanet.net\/wp-cnet\/wp-json\/wp\/v2\/media\/16723"}],"wp:attachment":[{"href":"https:\/\/catolicanet.net\/wp-cnet\/wp-json\/wp\/v2\/media?parent=16724"}],"wp:term":[{"taxonomy":"category","embeddable":true,"href":"https:\/\/catolicanet.net\/wp-cnet\/wp-json\/wp\/v2\/categories?post=16724"},{"taxonomy":"post_tag","embeddable":true,"href":"https:\/\/catolicanet.net\/wp-cnet\/wp-json\/wp\/v2\/tags?post=16724"}],"curies":[{"name":"wp","href":"https:\/\/api.w.org\/{rel}","templated":true}]}}